{"id":9181,"date":"2022-10-06T02:33:37","date_gmt":"2022-10-06T02:33:37","guid":{"rendered":"https:\/\/wwwcenmncl.com\/?p=9181"},"modified":"2022-11-10T21:27:32","modified_gmt":"2022-11-10T21:27:32","slug":"podcast-vamos-por-ancho-camino","status":"publish","type":"post","link":"https:\/\/www.memoriaestadionacional.cl\/en\/podcast-vamos-por-ancho-camino\/","title":{"rendered":"Podcast Vamos por ancho camino\ufffc"},"content":{"rendered":"<p>El 6 de septiembre se estren\u00f3 el primer cap\u00edtulo de <strong>nuestro podcast Vamos por ancho camino<\/strong>, una producci\u00f3n de nuestra corporaci\u00f3n, junto a \u00d1u\u00f1oa tu Radio, el nuevo medio comunal de \u00d1u\u00f1oa. Quincenalmente estrenaremos cap\u00edtulos, en los cuales abordaremos distintas tem\u00e1ticas relacionadas con los derechos humanos y la memoria. Puedes escuchar cada cap\u00edtulo en nunoaturadio.cl o en Spotify.<\/p>","protected":false},"excerpt":{"rendered":"<p>El 6 de septiembre se estren\u00f3 el primer cap\u00edtulo de nuestro podcast Vamos por ancho camino, una producci\u00f3n de nuestra corporaci\u00f3n, junto a \u00d1u\u00f1oa tu&hellip;<\/p>","protected":false},"author":1,"featured_media":13234,"comment_status":"open","ping_status":"closed","sticky":false,"template":"","format":"standard","meta":{"_acf_changed":false,"footnotes":""},"categories":[11],"tags":[],"class_list":["post-9181","post","type-post","status-publish","format-standard","has-post-thumbnail","hentry","category-noticias"],"acf":[],"aioseo_notices":[],"_links":{"self":[{"href":"https:\/\/www.memoriaestadionacional.cl\/en\/wp-json\/wp\/v2\/posts\/9181","targetHints":{"allow":["GET"]}}],"collection":[{"href":"https:\/\/www.memoriaestadionacional.cl\/en\/wp-json\/wp\/v2\/posts"}],"about":[{"href":"https:\/\/www.memoriaestadionacional.cl\/en\/wp-json\/wp\/v2\/types\/post"}],"author":[{"embeddable":true,"href":"https:\/\/www.memoriaestadionacional.cl\/en\/wp-json\/wp\/v2\/users\/1"}],"replies":[{"embeddable":true,"href":"https:\/\/www.memoriaestadionacional.cl\/en\/wp-json\/wp\/v2\/comments?post=9181"}],"version-history":[{"count":0,"href":"https:\/\/www.memoriaestadionacional.cl\/en\/wp-json\/wp\/v2\/posts\/9181\/revisions"}],"wp:featuredmedia":[{"embeddable":true,"href":"https:\/\/www.memoriaestadionacional.cl\/en\/wp-json\/wp\/v2\/media\/13234"}],"wp:attachment":[{"href":"https:\/\/www.memoriaestadionacional.cl\/en\/wp-json\/wp\/v2\/media?parent=9181"}],"wp:term":[{"taxonomy":"category","embeddable":true,"href":"https:\/\/www.memoriaestadionacional.cl\/en\/wp-json\/wp\/v2\/categories?post=9181"},{"taxonomy":"post_tag","embeddable":true,"href":"https:\/\/www.memoriaestadionacional.cl\/en\/wp-json\/wp\/v2\/tags?post=9181"}],"curies":[{"name":"wp","href":"https:\/\/api.w.org\/{rel}","templated":true}]}}