{"id":9178,"date":"2022-10-06T02:28:42","date_gmt":"2022-10-06T02:28:42","guid":{"rendered":"https:\/\/wwwcenmncl.com\/?p=9178"},"modified":"2022-11-14T16:00:07","modified_gmt":"2022-11-14T16:00:07","slug":"vigilia-11-de-septiembre","status":"publish","type":"post","link":"https:\/\/www.memoriaestadionacional.cl\/en\/vigilia-11-de-septiembre\/","title":{"rendered":"Vigilia 11 de septiembre\ufffc"},"content":{"rendered":"<p>El s\u00e1bado 10 de septiembre se present\u00f3 la obra \u201cLas \u00faltimas horas del Maestro\u201d de la Compa\u00f1\u00eda Requiem Danza Teatro en donde la actriz Mar\u00eda Bel\u00e9n Espinoza Pe\u00f1a, interpreta el \u00faltimo mes de vida de su abuelo, el maestro de las escuelas infantiles y juveniles, Jorge Pe\u00f1a Hen, quien fue ejecutado por la operaci\u00f3n conocida como Caravana de la Muerte, en la ciudad de La Serena.<\/p>","protected":false},"excerpt":{"rendered":"<p>El s\u00e1bado 10 de septiembre se present\u00f3 la obra \u201cLas \u00faltimas horas del Maestro\u201d de la Compa\u00f1\u00eda Requiem Danza Teatro en donde la actriz Mar\u00eda&hellip;<\/p>","protected":false},"author":1,"featured_media":13298,"comment_status":"open","ping_status":"closed","sticky":false,"template":"","format":"standard","meta":{"_acf_changed":false,"footnotes":""},"categories":[11],"tags":[],"class_list":["post-9178","post","type-post","status-publish","format-standard","has-post-thumbnail","hentry","category-noticias"],"acf":[],"aioseo_notices":[],"_links":{"self":[{"href":"https:\/\/www.memoriaestadionacional.cl\/en\/wp-json\/wp\/v2\/posts\/9178","targetHints":{"allow":["GET"]}}],"collection":[{"href":"https:\/\/www.memoriaestadionacional.cl\/en\/wp-json\/wp\/v2\/posts"}],"about":[{"href":"https:\/\/www.memoriaestadionacional.cl\/en\/wp-json\/wp\/v2\/types\/post"}],"author":[{"embeddable":true,"href":"https:\/\/www.memoriaestadionacional.cl\/en\/wp-json\/wp\/v2\/users\/1"}],"replies":[{"embeddable":true,"href":"https:\/\/www.memoriaestadionacional.cl\/en\/wp-json\/wp\/v2\/comments?post=9178"}],"version-history":[{"count":0,"href":"https:\/\/www.memoriaestadionacional.cl\/en\/wp-json\/wp\/v2\/posts\/9178\/revisions"}],"wp:featuredmedia":[{"embeddable":true,"href":"https:\/\/www.memoriaestadionacional.cl\/en\/wp-json\/wp\/v2\/media\/13298"}],"wp:attachment":[{"href":"https:\/\/www.memoriaestadionacional.cl\/en\/wp-json\/wp\/v2\/media?parent=9178"}],"wp:term":[{"taxonomy":"category","embeddable":true,"href":"https:\/\/www.memoriaestadionacional.cl\/en\/wp-json\/wp\/v2\/categories?post=9178"},{"taxonomy":"post_tag","embeddable":true,"href":"https:\/\/www.memoriaestadionacional.cl\/en\/wp-json\/wp\/v2\/tags?post=9178"}],"curies":[{"name":"wp","href":"https:\/\/api.w.org\/{rel}","templated":true}]}}