{"id":9175,"date":"2022-10-06T02:22:02","date_gmt":"2022-10-06T02:22:02","guid":{"rendered":"https:\/\/wwwcenmncl.com\/?p=9175"},"modified":"2022-11-14T16:02:58","modified_gmt":"2022-11-14T16:02:58","slug":"conmemoracion-11-de-septiembre","status":"publish","type":"post","link":"https:\/\/www.memoriaestadionacional.cl\/en\/conmemoracion-11-de-septiembre\/","title":{"rendered":"Conmemoraci\u00f3n 11 de septiembre\ufffc"},"content":{"rendered":"<p>El domingo 11 de septiembre conmemoramos 49 a\u00f1os del fat\u00eddico golpe c\u00edvico militar. Desde las 15 hrs recibimos a miles de visitantes que recorrieron durante toda la tarde nuestros sitios de memoria. Junto a esto, contamos con diferentes actividades culturales voluntarias, por parte de grupos musicales y organizaciones sociales. Durante esta jornada contamos con el apoyo de nuestros corporados\/as y voluntarios\/as.<\/p>","protected":false},"excerpt":{"rendered":"<p>El domingo 11 de septiembre conmemoramos 49 a\u00f1os del fat\u00eddico golpe c\u00edvico militar. Desde las 15 hrs recibimos a miles de visitantes que recorrieron durante&hellip;<\/p>","protected":false},"author":1,"featured_media":13341,"comment_status":"open","ping_status":"closed","sticky":false,"template":"","format":"standard","meta":{"_acf_changed":false,"footnotes":""},"categories":[11],"tags":[],"class_list":["post-9175","post","type-post","status-publish","format-standard","has-post-thumbnail","hentry","category-noticias"],"acf":[],"aioseo_notices":[],"_links":{"self":[{"href":"https:\/\/www.memoriaestadionacional.cl\/en\/wp-json\/wp\/v2\/posts\/9175","targetHints":{"allow":["GET"]}}],"collection":[{"href":"https:\/\/www.memoriaestadionacional.cl\/en\/wp-json\/wp\/v2\/posts"}],"about":[{"href":"https:\/\/www.memoriaestadionacional.cl\/en\/wp-json\/wp\/v2\/types\/post"}],"author":[{"embeddable":true,"href":"https:\/\/www.memoriaestadionacional.cl\/en\/wp-json\/wp\/v2\/users\/1"}],"replies":[{"embeddable":true,"href":"https:\/\/www.memoriaestadionacional.cl\/en\/wp-json\/wp\/v2\/comments?post=9175"}],"version-history":[{"count":0,"href":"https:\/\/www.memoriaestadionacional.cl\/en\/wp-json\/wp\/v2\/posts\/9175\/revisions"}],"wp:featuredmedia":[{"embeddable":true,"href":"https:\/\/www.memoriaestadionacional.cl\/en\/wp-json\/wp\/v2\/media\/13341"}],"wp:attachment":[{"href":"https:\/\/www.memoriaestadionacional.cl\/en\/wp-json\/wp\/v2\/media?parent=9175"}],"wp:term":[{"taxonomy":"category","embeddable":true,"href":"https:\/\/www.memoriaestadionacional.cl\/en\/wp-json\/wp\/v2\/categories?post=9175"},{"taxonomy":"post_tag","embeddable":true,"href":"https:\/\/www.memoriaestadionacional.cl\/en\/wp-json\/wp\/v2\/tags?post=9175"}],"curies":[{"name":"wp","href":"https:\/\/api.w.org\/{rel}","templated":true}]}}