{"id":9172,"date":"2022-10-06T02:12:28","date_gmt":"2022-10-06T02:12:28","guid":{"rendered":"https:\/\/wwwcenmncl.com\/?p=9172"},"modified":"2022-11-14T16:04:16","modified_gmt":"2022-11-14T16:04:16","slug":"organizaciones-sociales-entregan-carta-al-presidente-gabriel-boric-para-la-continuacion-del-proceso-constituyente","status":"publish","type":"post","link":"https:\/\/www.memoriaestadionacional.cl\/en\/organizaciones-sociales-entregan-carta-al-presidente-gabriel-boric-para-la-continuacion-del-proceso-constituyente\/","title":{"rendered":"Organizaciones sociales entregan carta al presidente Gabriel Boric para la continuaci\u00f3n del proceso constituyente\ufffc"},"content":{"rendered":"<p>El jueves 22 de septiembre acudimos hasta el Palacio de La Moneda para dejarle una carta al Presidente Gabriel Boric, en la cual aparece la declaraci\u00f3n firmada por m\u00e1s de 100 organizaciones de la sociedad civil, en donde expresamos nuestro sentir respecto del proceso constituyente que a\u00fan sigue en curso, el que creemos, debe continuar con representantes electos por la ciudadan\u00eda, con paridad y con los derechos humanos y sociales en el centro. La declaraci\u00f3n, tambi\u00e9n fue le\u00edda en el monumento del presidente Salvador Allende ubicado en la plaza de la ciudadan\u00eda.<\/p>\r\n\r\n<p>&nbsp;<\/p>","protected":false},"excerpt":{"rendered":"<p>El jueves 22 de septiembre acudimos hasta el Palacio de La Moneda para dejarle una carta al Presidente Gabriel Boric, en la cual aparece la&hellip;<\/p>","protected":false},"author":1,"featured_media":13342,"comment_status":"open","ping_status":"closed","sticky":false,"template":"","format":"standard","meta":{"_acf_changed":false,"footnotes":""},"categories":[11],"tags":[],"class_list":["post-9172","post","type-post","status-publish","format-standard","has-post-thumbnail","hentry","category-noticias"],"acf":[],"aioseo_notices":[],"_links":{"self":[{"href":"https:\/\/www.memoriaestadionacional.cl\/en\/wp-json\/wp\/v2\/posts\/9172","targetHints":{"allow":["GET"]}}],"collection":[{"href":"https:\/\/www.memoriaestadionacional.cl\/en\/wp-json\/wp\/v2\/posts"}],"about":[{"href":"https:\/\/www.memoriaestadionacional.cl\/en\/wp-json\/wp\/v2\/types\/post"}],"author":[{"embeddable":true,"href":"https:\/\/www.memoriaestadionacional.cl\/en\/wp-json\/wp\/v2\/users\/1"}],"replies":[{"embeddable":true,"href":"https:\/\/www.memoriaestadionacional.cl\/en\/wp-json\/wp\/v2\/comments?post=9172"}],"version-history":[{"count":0,"href":"https:\/\/www.memoriaestadionacional.cl\/en\/wp-json\/wp\/v2\/posts\/9172\/revisions"}],"wp:featuredmedia":[{"embeddable":true,"href":"https:\/\/www.memoriaestadionacional.cl\/en\/wp-json\/wp\/v2\/media\/13342"}],"wp:attachment":[{"href":"https:\/\/www.memoriaestadionacional.cl\/en\/wp-json\/wp\/v2\/media?parent=9172"}],"wp:term":[{"taxonomy":"category","embeddable":true,"href":"https:\/\/www.memoriaestadionacional.cl\/en\/wp-json\/wp\/v2\/categories?post=9172"},{"taxonomy":"post_tag","embeddable":true,"href":"https:\/\/www.memoriaestadionacional.cl\/en\/wp-json\/wp\/v2\/tags?post=9172"}],"curies":[{"name":"wp","href":"https:\/\/api.w.org\/{rel}","templated":true}]}}