{"id":29,"date":"2021-11-12T12:53:42","date_gmt":"2021-11-12T12:53:42","guid":{"rendered":"http:\/\/demo.wpzoom.com\/expedition\/?p=29"},"modified":"2022-11-14T17:06:56","modified_gmt":"2022-11-14T17:06:56","slug":"post-with-youtube-video","status":"publish","type":"post","link":"https:\/\/www.memoriaestadionacional.cl\/en\/post-with-youtube-video\/","title":{"rendered":"Corporaci\u00f3n Estadio Nacional Memoria Nacional denuncia grave censura por parte de la administraci\u00f3n del recinto deportivo"},"content":{"rendered":"<p>La corporaci\u00f3n condena tajantemente la medida de censura de la administraci\u00f3n del parque deportivo estadio nacional al no permitir visitas p\u00fablicas a los sitios de memoria que alberga el recinto deportivo, espec\u00edficamente en el sitio de memoria del camar\u00edn de mujeres, que actualmente alberga la recientemente inaugurada muestra visual ruta del estadillo organizada por la corporaci\u00f3n<\/p>\r\n\r\n\r\n\r\n<p>A trav\u00e9s de un escueto mensaje el presidente de la corporaci\u00f3n, Marcelo Acevedo, fue informado por la administraci\u00f3n del estadio que se autorizan las visitas a dicha exposici\u00f3n, solo los d\u00edas domingos por tres horas.<\/p>\r\n\r\n\r\n\r\n<p>Creemos que la restricci\u00f3n impuesta se trata de una grave se\u00f1al que atenta contra la defensa y memoria de los Derechos Humanos en nuestro pa\u00eds, el cual vive actualmente una convulsionada situaci\u00f3n derivada precisamente del irrespeto y atropello a los derechos fundamentales de la ciudadan\u00eda. Cabe recordar que los sitios de memoria del Estadio Nacional fueron declarados Monumentos Nacionales en la categor\u00eda de hist\u00f3rico, pues como es de amplio conocimiento este fue un reciento de represi\u00f3n, tortura y exterminio de la dictadura c\u00edvico militar, entre septiembre y noviembre de 1973.<\/p>\r\n\r\n\r\n\r\n<p>Hacemos un llamado al Instituto del Deporte y as\u00ed mismo al Ministerio del Deporte, de quienes depende la administraci\u00f3n del Estadio Nacional, a rectificar a la brevedad dicha medida arbitraria, como tambi\u00e9n a avanzar en los compromisos adquiridos con la Corporaci\u00f3n Estadio Nacional Memoria Nacional y no entorpecer el trabajo que haceos a la memoria hist\u00f3rica y reciente, donde la administraci\u00f3n del Estadio no ha tenido una real actitud colaborativa, trat\u00e1ndonos como extra\u00f1os sin recibir el trato digno de independencia que necesita esta corporaci\u00f3n para desarrollar su trabajo.\u00a0<\/p>","protected":false},"excerpt":{"rendered":"<p>La corporaci\u00f3n condena tajantemente la medida de censura de la administraci\u00f3n del parque deportivo estadio nacional al no permitir visitas p\u00fablicas a los sitios de&hellip;<\/p>","protected":false},"author":1,"featured_media":13356,"comment_status":"open","ping_status":"closed","sticky":false,"template":"","format":"standard","meta":{"_acf_changed":false,"footnotes":""},"categories":[11],"tags":[],"class_list":["post-29","post","type-post","status-publish","format-standard","has-post-thumbnail","hentry","category-noticias"],"acf":[],"aioseo_notices":[],"_links":{"self":[{"href":"https:\/\/www.memoriaestadionacional.cl\/en\/wp-json\/wp\/v2\/posts\/29","targetHints":{"allow":["GET"]}}],"collection":[{"href":"https:\/\/www.memoriaestadionacional.cl\/en\/wp-json\/wp\/v2\/posts"}],"about":[{"href":"https:\/\/www.memoriaestadionacional.cl\/en\/wp-json\/wp\/v2\/types\/post"}],"author":[{"embeddable":true,"href":"https:\/\/www.memoriaestadionacional.cl\/en\/wp-json\/wp\/v2\/users\/1"}],"replies":[{"embeddable":true,"href":"https:\/\/www.memoriaestadionacional.cl\/en\/wp-json\/wp\/v2\/comments?post=29"}],"version-history":[{"count":0,"href":"https:\/\/www.memoriaestadionacional.cl\/en\/wp-json\/wp\/v2\/posts\/29\/revisions"}],"wp:featuredmedia":[{"embeddable":true,"href":"https:\/\/www.memoriaestadionacional.cl\/en\/wp-json\/wp\/v2\/media\/13356"}],"wp:attachment":[{"href":"https:\/\/www.memoriaestadionacional.cl\/en\/wp-json\/wp\/v2\/media?parent=29"}],"wp:term":[{"taxonomy":"category","embeddable":true,"href":"https:\/\/www.memoriaestadionacional.cl\/en\/wp-json\/wp\/v2\/categories?post=29"},{"taxonomy":"post_tag","embeddable":true,"href":"https:\/\/www.memoriaestadionacional.cl\/en\/wp-json\/wp\/v2\/tags?post=29"}],"curies":[{"name":"wp","href":"https:\/\/api.w.org\/{rel}","templated":true}]}}