{"id":2850,"date":"2022-01-01T11:25:54","date_gmt":"2022-01-01T11:25:54","guid":{"rendered":"http:\/\/demo.wpzoom.com\/delirium\/?p=2850"},"modified":"2022-11-14T17:04:08","modified_gmt":"2022-11-14T17:04:08","slug":"ex-presos-politicos","status":"publish","type":"post","link":"https:\/\/www.memoriaestadionacional.cl\/en\/ex-presos-politicos\/","title":{"rendered":"Comunicado Corporaci\u00f3n Estadio Nacional Memoria Nacional ex Prisioneros Pol\u00edticos"},"content":{"rendered":"<p>La Corporaci\u00f3n Estadio Nacional Memoria Nacional ex Prisioneros Pol\u00edticos aclara mediante este comunicado versiones sobre el hallazgo de osamentas que han sido difundidos a trav\u00e9s de redes sociales, en el contexto de las obras de remodelaci\u00f3n del Estadio Nacional.<\/p>\n<p>Declaramos a la opini\u00f3n p\u00fablica, organizaciones amigas y especialmente a las familias de las y los detenidos desaparecidos:<\/p>\n<p>1.- En estos \u00faltimos dos meses se ha producido el hallazgo de osamentas por parte de trabajadores de las constructoras a cargo de la remodelaci\u00f3n del Estadio Nacional, de los cuales hemos sido informados de manera oportuna, activando as\u00ed inmediatamente todos los protocolos vigentes.<\/p>\n<p>2.- Dichos protocolos incluyen la movilizaci\u00f3n inmediata de la Polic\u00eda de Investigaciones (PDI) y la coordinaci\u00f3n con el Servicio M\u00e9dico Legal para levantar y examinar dichas osamentas en presencia del presidente de nuestra corporaci\u00f3n, Marcelo Acevedo.<\/p>\n<p>3.- <b>Hasta el momento, y de acuerdo a los informes realizados, ninguna de las osamentas halladas corresponde a restos humanos. Tras los peritajes, se ha establecido que dichos restos corresponden a animales.\u00a0<\/b><\/p>\n<p>4.- Como corporaci\u00f3n estamos muy atentos a cualquier nuevo hallazgo ya que somos conscientes de que el Estadio Nacional fue el campo de detenci\u00f3n, tortura, ejecuci\u00f3n y desaparici\u00f3n m\u00e1s grande de nuestro pa\u00eds, durante la dictadura c\u00edvico militar.<\/p>\n<p>5.- <b>Pedimos encarecidamente a todos y todas no difundir informaci\u00f3n que no haya sido correctamente corroborada<\/b>, ya que esto puede generar<b> falsas expectativas<\/b> en las familias que, por m\u00e1s de 40 a\u00f1os han luchado por conocer la verdad sobre el paradero de sus detenidos desaparecidos.<\/p>\n<p>6.- Como corporaci\u00f3n nos comprometemos a seguir atentos en este proceso de remodelaci\u00f3n e informar debidamente a las organizaciones cualquier situaci\u00f3n que pueda ayudar a las familias a tener de una vez por todas verdad, justicia y reparaci\u00f3n.<\/p>\n<p><b>Corporaci\u00f3n de Memoria Estadio Nacional Memoria Nacional ex Presos Pol\u00edticos.<\/b><\/p>","protected":false},"excerpt":{"rendered":"<p>La Corporaci\u00f3n Estadio Nacional Memoria Nacional ex Prisioneros Pol\u00edticos aclara mediante este comunicado versiones sobre el hallazgo de osamentas que han sido difundidos a trav\u00e9s&hellip;<\/p>","protected":false},"author":1,"featured_media":13238,"comment_status":"open","ping_status":"closed","sticky":false,"template":"","format":"standard","meta":{"_acf_changed":false,"footnotes":""},"categories":[11],"tags":[35,50,57],"class_list":["post-2850","post","type-post","status-publish","format-standard","has-post-thumbnail","hentry","category-noticias","tag-expresos","tag-memorias","tag-politicos"],"acf":[],"aioseo_notices":[],"_links":{"self":[{"href":"https:\/\/www.memoriaestadionacional.cl\/en\/wp-json\/wp\/v2\/posts\/2850","targetHints":{"allow":["GET"]}}],"collection":[{"href":"https:\/\/www.memoriaestadionacional.cl\/en\/wp-json\/wp\/v2\/posts"}],"about":[{"href":"https:\/\/www.memoriaestadionacional.cl\/en\/wp-json\/wp\/v2\/types\/post"}],"author":[{"embeddable":true,"href":"https:\/\/www.memoriaestadionacional.cl\/en\/wp-json\/wp\/v2\/users\/1"}],"replies":[{"embeddable":true,"href":"https:\/\/www.memoriaestadionacional.cl\/en\/wp-json\/wp\/v2\/comments?post=2850"}],"version-history":[{"count":0,"href":"https:\/\/www.memoriaestadionacional.cl\/en\/wp-json\/wp\/v2\/posts\/2850\/revisions"}],"wp:featuredmedia":[{"embeddable":true,"href":"https:\/\/www.memoriaestadionacional.cl\/en\/wp-json\/wp\/v2\/media\/13238"}],"wp:attachment":[{"href":"https:\/\/www.memoriaestadionacional.cl\/en\/wp-json\/wp\/v2\/media?parent=2850"}],"wp:term":[{"taxonomy":"category","embeddable":true,"href":"https:\/\/www.memoriaestadionacional.cl\/en\/wp-json\/wp\/v2\/categories?post=2850"},{"taxonomy":"post_tag","embeddable":true,"href":"https:\/\/www.memoriaestadionacional.cl\/en\/wp-json\/wp\/v2\/tags?post=2850"}],"curies":[{"name":"wp","href":"https:\/\/api.w.org\/{rel}","templated":true}]}}