{"id":16279,"date":"2026-04-17T13:27:12","date_gmt":"2026-04-17T13:27:12","guid":{"rendered":"https:\/\/www.memoriaestadionacional.cl\/?p=16279"},"modified":"2026-04-17T13:27:12","modified_gmt":"2026-04-17T13:27:12","slug":"boletin-no-49-marzo","status":"publish","type":"post","link":"https:\/\/www.memoriaestadionacional.cl\/en\/boletin-no-49-marzo\/","title":{"rendered":"Bolet\u00edn N\u00ba 49 &#8211; Marzo"},"content":{"rendered":"<div class=\"wpb-content-wrapper\"><div class=\"vc-row-container container\"><div class=\"vc_row wpb_row vc_row-fluid\"><div class=\"wpb_column vc_column_container vc_col-sm-12\"><div class=\"vc_column-inner\"><div class=\"wpb_wrapper\">\n\t<div class=\"wpb_text_column wpb_content_element\" >\n\t\t<div class=\"wpb_wrapper\">\n\t\t\t<p>El Bolet\u00edn N\u00b049 destaca una serie de actividades realizadas durante febrero y marzo de 2026 en los Sitios de Memoria del Estadio Nacional, centradas en la promoci\u00f3n de la memoria hist\u00f3rica y los derechos humanos. Entre ellas, la visita de H\u00e9ctor Herrera, clave en la recuperaci\u00f3n del cuerpo de V\u00edctor Jara; la conmemoraci\u00f3n del 8M con actividades art\u00edsticas y testimoniales; el inicio de un nuevo ciclo de trabajo colaborativo con estudiantes de la Pontificia Universidad Cat\u00f3lica; la visita de la Fundaci\u00f3n Elisabeth K\u00e4semann; y encuentros con organizaciones comunitarias como la Coordinadora Social Shishigang, reforzando el v\u00ednculo entre memoria, educaci\u00f3n y comunidad. \ufffc<\/p>\n\n\t\t<\/div>\n\t<\/div>\n<\/div><\/div><\/div><\/div><\/div><div class=\"vc-row-container container\"><div class=\"vc_row wpb_row vc_row-fluid\"><div class=\"wpb_column vc_column_container vc_col-sm-12\"><div class=\"vc_column-inner\"><div class=\"wpb_wrapper\">\n\t<div class=\"wpb_raw_code wpb_raw_html wpb_content_element\" >\n\t\t<div class=\"wpb_wrapper\">\n\t\t\t\n            <div \n                class=\"elfsight-widget-pdf-embed elfsight-widget\" \n                data-elfsight-pdf-embed-options=\"%7B%22files%22%3A%5B%7B%22link%22%3A%22https%3A%5C%2F%5C%2Fwww.memoriaestadionacional.cl%5C%2Fwp-content%5C%2Fuploads%5C%2F2026%5C%2F04%5C%2FENMN_Boletin-N49-Marzo.pdf%22%2C%22name%22%3A%22%22%2C%22previewImage%22%3Anull%7D%5D%2C%22widgetTitle%22%3A%22%22%2C%22layout%22%3A%22viewer%22%2C%22showIcon%22%3Atrue%2C%22icon%22%3A%22icon-1%22%2C%22previewImageSize%22%3A30%2C%22showDownloadLink%22%3Atrue%2C%22downloadLinkText%22%3A%22Download%22%2C%22width%22%3A%22100%25%22%2C%22heightFactor%22%3A1.41%2C%22iconColor%22%3A%22rgb%28222%2C%2043%2C%2051%29%22%2C%22nameColor%22%3A%22rgb%2817%2C%2017%2C%2017%29%22%2C%22downloadColor%22%3A%22rgb%2828%2C%20145%2C%20255%29%22%2C%22backgroundColor%22%3Anull%2C%22fileBackgroundColor%22%3Anull%2C%22widgetTitleColor%22%3A%22rgb%2817%2C%2017%2C%2017%29%22%2C%22nameFontSize%22%3A15%2C%22downloadFontSize%22%3A13%2C%22widgetTitleFontSize%22%3A20%2C%22widgetId%22%3A%2246%22%7D\" \n                data-elfsight-pdf-embed-version=\"1.1.1\"\n                data-elfsight-widget-id=\"elfsight-pdf-embed-46\">\n            <\/div>\n            \n\t\t<\/div>\n\t<\/div>\n<\/div><\/div><\/div><\/div><\/div>\n<\/div>","protected":false},"excerpt":{"rendered":"El Bolet\u00edn N\u00b049 destaca una serie de actividades realizadas durante febrero y marzo de 2026 en los Sitios de Memoria del Estadio Nacional, centradas en&hellip;","protected":false},"author":1,"featured_media":16280,"comment_status":"open","ping_status":"open","sticky":false,"template":"","format":"standard","meta":{"_acf_changed":false,"footnotes":""},"categories":[163],"tags":[],"class_list":["post-16279","post","type-post","status-publish","format-standard","has-post-thumbnail","hentry","category-boletin-2026"],"acf":[],"aioseo_notices":[],"_links":{"self":[{"href":"https:\/\/www.memoriaestadionacional.cl\/en\/wp-json\/wp\/v2\/posts\/16279","targetHints":{"allow":["GET"]}}],"collection":[{"href":"https:\/\/www.memoriaestadionacional.cl\/en\/wp-json\/wp\/v2\/posts"}],"about":[{"href":"https:\/\/www.memoriaestadionacional.cl\/en\/wp-json\/wp\/v2\/types\/post"}],"author":[{"embeddable":true,"href":"https:\/\/www.memoriaestadionacional.cl\/en\/wp-json\/wp\/v2\/users\/1"}],"replies":[{"embeddable":true,"href":"https:\/\/www.memoriaestadionacional.cl\/en\/wp-json\/wp\/v2\/comments?post=16279"}],"version-history":[{"count":1,"href":"https:\/\/www.memoriaestadionacional.cl\/en\/wp-json\/wp\/v2\/posts\/16279\/revisions"}],"predecessor-version":[{"id":16281,"href":"https:\/\/www.memoriaestadionacional.cl\/en\/wp-json\/wp\/v2\/posts\/16279\/revisions\/16281"}],"wp:featuredmedia":[{"embeddable":true,"href":"https:\/\/www.memoriaestadionacional.cl\/en\/wp-json\/wp\/v2\/media\/16280"}],"wp:attachment":[{"href":"https:\/\/www.memoriaestadionacional.cl\/en\/wp-json\/wp\/v2\/media?parent=16279"}],"wp:term":[{"taxonomy":"category","embeddable":true,"href":"https:\/\/www.memoriaestadionacional.cl\/en\/wp-json\/wp\/v2\/categories?post=16279"},{"taxonomy":"post_tag","embeddable":true,"href":"https:\/\/www.memoriaestadionacional.cl\/en\/wp-json\/wp\/v2\/tags?post=16279"}],"curies":[{"name":"wp","href":"https:\/\/api.w.org\/{rel}","templated":true}]}}