{"id":16192,"date":"2026-01-22T15:45:10","date_gmt":"2026-01-22T15:45:10","guid":{"rendered":"https:\/\/www.memoriaestadionacional.cl\/?p=16192"},"modified":"2026-01-22T15:45:50","modified_gmt":"2026-01-22T15:45:50","slug":"adios-a-nuestra-amiga-y-companera-cecilia-marchant-rubilar","status":"publish","type":"post","link":"https:\/\/www.memoriaestadionacional.cl\/en\/adios-a-nuestra-amiga-y-companera-cecilia-marchant-rubilar\/","title":{"rendered":"Adi\u00f3s a nuestra amiga y compa\u00f1era Cecilia Marchant Rubilar"},"content":{"rendered":"<div class=\"wpb-content-wrapper\"><div class=\"vc-row-container container\"><div class=\"vc_row wpb_row vc_row-fluid\"><div class=\"wpb_column vc_column_container vc_col-sm-12\"><div class=\"vc_column-inner\"><div class=\"wpb_wrapper\">\n\t<div class=\"wpb_text_column wpb_content_element\" >\n\t\t<div class=\"wpb_wrapper\">\n\t\t\t<p>Con profundo dolor comunicamos el fallecimiento de nuestra querida amiga y compa\u00f1era Mar\u00eda Cecilia Marchant Rubilar, ocurrido durante la madrugada del 21 de enero. La recordamos como un referente fundamental en la lucha por los Derechos Humanos, as\u00ed como en la educaci\u00f3n y preservaci\u00f3n de nuestra memoria hist\u00f3rica. Su compromiso, generosidad y convicci\u00f3n la convirtieron en un pilar esencial que la llev\u00f3 a trabajar y levantar el sitio de memoria Casa de Piedra en La Serena, donde fue dirigente de la Corporaci\u00f3n La Serena 16 de octubre. Adem\u00e1s se integr\u00f3 siempre al trabajo de espacios de memoria como Memoria Borgo\u00f1o y Villa Grimaldi. Fue coordinadora de la Red de Sitios de Memoria y participante activa del Coordinador Nacional de Derechos Humanos, y en este \u00faltimo tiempo parte de la directiva de la Coordinadora Nacional de Sitios de Memoria.<\/p>\n<p>Recordamos tambi\u00e9n su legado de trabajo constante como miembro de las arpilleras que ayud\u00f3 a levantar como actos de memoria, denuncia y dignidad, donde el arte y los Derechos Humanos se entrelazaron como forma de resistencia y transmisi\u00f3n hist\u00f3rica. Y no olvidemos que Mar\u00eda Cecilia fue parte fundamental como testigo en el caso de Caravana de la Muerte donde fue condenado Juan Emilio Cheyre.<\/p>\n<p>Hacemos llegar nuestras m\u00e1s sentidas condolencias a su familia, amistades y a todas y todos quienes hoy la recordamos con cari\u00f1o y gratitud.<\/p>\n<p>Hasta pronto compa\u00f1era!<\/p>\n\n\t\t<\/div>\n\t<\/div>\n<\/div><\/div><\/div><\/div><\/div>\n<\/div>","protected":false},"excerpt":{"rendered":"Con profundo dolor comunicamos el fallecimiento de nuestra querida amiga y compa\u00f1era Mar\u00eda Cecilia Marchant Rubilar, ocurrido durante la madrugada del 21 de enero. La&hellip;","protected":false},"author":1,"featured_media":16193,"comment_status":"open","ping_status":"open","sticky":false,"template":"","format":"standard","meta":{"_acf_changed":false,"footnotes":""},"categories":[11],"tags":[],"class_list":["post-16192","post","type-post","status-publish","format-standard","has-post-thumbnail","hentry","category-noticias"],"acf":[],"aioseo_notices":[],"_links":{"self":[{"href":"https:\/\/www.memoriaestadionacional.cl\/en\/wp-json\/wp\/v2\/posts\/16192","targetHints":{"allow":["GET"]}}],"collection":[{"href":"https:\/\/www.memoriaestadionacional.cl\/en\/wp-json\/wp\/v2\/posts"}],"about":[{"href":"https:\/\/www.memoriaestadionacional.cl\/en\/wp-json\/wp\/v2\/types\/post"}],"author":[{"embeddable":true,"href":"https:\/\/www.memoriaestadionacional.cl\/en\/wp-json\/wp\/v2\/users\/1"}],"replies":[{"embeddable":true,"href":"https:\/\/www.memoriaestadionacional.cl\/en\/wp-json\/wp\/v2\/comments?post=16192"}],"version-history":[{"count":1,"href":"https:\/\/www.memoriaestadionacional.cl\/en\/wp-json\/wp\/v2\/posts\/16192\/revisions"}],"predecessor-version":[{"id":16194,"href":"https:\/\/www.memoriaestadionacional.cl\/en\/wp-json\/wp\/v2\/posts\/16192\/revisions\/16194"}],"wp:featuredmedia":[{"embeddable":true,"href":"https:\/\/www.memoriaestadionacional.cl\/en\/wp-json\/wp\/v2\/media\/16193"}],"wp:attachment":[{"href":"https:\/\/www.memoriaestadionacional.cl\/en\/wp-json\/wp\/v2\/media?parent=16192"}],"wp:term":[{"taxonomy":"category","embeddable":true,"href":"https:\/\/www.memoriaestadionacional.cl\/en\/wp-json\/wp\/v2\/categories?post=16192"},{"taxonomy":"post_tag","embeddable":true,"href":"https:\/\/www.memoriaestadionacional.cl\/en\/wp-json\/wp\/v2\/tags?post=16192"}],"curies":[{"name":"wp","href":"https:\/\/api.w.org\/{rel}","templated":true}]}}