{"id":16108,"date":"2025-11-27T23:53:00","date_gmt":"2025-11-27T23:53:00","guid":{"rendered":"https:\/\/www.memoriaestadionacional.cl\/?p=16108"},"modified":"2025-12-01T23:55:12","modified_gmt":"2025-12-01T23:55:12","slug":"recibimos-a-delegaciones-del-foro-internacional-sobre-deporte-y-educacion-fisica-inclusivos-2025","status":"publish","type":"post","link":"https:\/\/www.memoriaestadionacional.cl\/en\/recibimos-a-delegaciones-del-foro-internacional-sobre-deporte-y-educacion-fisica-inclusivos-2025\/","title":{"rendered":"Recibimos a delegaciones del Foro Internacional sobre Deporte y Educaci\u00f3n F\u00edsica Inclusivos 2025"},"content":{"rendered":"<div class=\"wpb-content-wrapper\"><div class=\"vc-row-container container\"><div class=\"vc_row wpb_row vc_row-fluid\"><div class=\"wpb_column vc_column_container vc_col-sm-12\"><div class=\"vc_column-inner\"><div class=\"wpb_wrapper\">\n\t<div class=\"wpb_text_column wpb_content_element\" >\n\t\t<div class=\"wpb_wrapper\">\n\t\t\t<p>El Sitio de Memoria del Estadio Nacional recibi\u00f3 la visita de diversas delegaciones asistentes al Foro Internacional sobre Deporte y Educaci\u00f3n F\u00edsica Inclusivos 2025, organizado por el Ministerio del Deporte, la UNESCO y el Banco de Desarrollo de Am\u00e9rica Latina y el Caribe (CAF). El foro busca relevar el rol transformador del deporte y la educaci\u00f3n f\u00edsica inclusivos, equitativos y seguros para eliminar barreras y generar oportunidades para personas con discapacidad.<\/p>\n<p>En ese contexto, m\u00e1s de ochenta personas, entre ellas Ministros de Estado, Subsecretarios y funcionarios de diversos gobiernos, pudieron conocer la historia del mayor campo de concentraci\u00f3n de Chile de la dictadura civil y militar, a trav\u00e9s del relato de los sobrevivientes Patricio Sandoval y Jos\u00e9 Cerda.<\/p>\n\n\t\t<\/div>\n\t<\/div>\n<\/div><\/div><\/div><\/div><\/div>\n<\/div>","protected":false},"excerpt":{"rendered":"El Sitio de Memoria del Estadio Nacional recibi\u00f3 la visita de diversas delegaciones asistentes al Foro Internacional sobre Deporte y Educaci\u00f3n F\u00edsica Inclusivos 2025, organizado&hellip;","protected":false},"author":1,"featured_media":16109,"comment_status":"open","ping_status":"open","sticky":false,"template":"","format":"standard","meta":{"_acf_changed":false,"footnotes":""},"categories":[11],"tags":[],"class_list":["post-16108","post","type-post","status-publish","format-standard","has-post-thumbnail","hentry","category-noticias"],"acf":[],"aioseo_notices":[],"_links":{"self":[{"href":"https:\/\/www.memoriaestadionacional.cl\/en\/wp-json\/wp\/v2\/posts\/16108","targetHints":{"allow":["GET"]}}],"collection":[{"href":"https:\/\/www.memoriaestadionacional.cl\/en\/wp-json\/wp\/v2\/posts"}],"about":[{"href":"https:\/\/www.memoriaestadionacional.cl\/en\/wp-json\/wp\/v2\/types\/post"}],"author":[{"embeddable":true,"href":"https:\/\/www.memoriaestadionacional.cl\/en\/wp-json\/wp\/v2\/users\/1"}],"replies":[{"embeddable":true,"href":"https:\/\/www.memoriaestadionacional.cl\/en\/wp-json\/wp\/v2\/comments?post=16108"}],"version-history":[{"count":1,"href":"https:\/\/www.memoriaestadionacional.cl\/en\/wp-json\/wp\/v2\/posts\/16108\/revisions"}],"predecessor-version":[{"id":16110,"href":"https:\/\/www.memoriaestadionacional.cl\/en\/wp-json\/wp\/v2\/posts\/16108\/revisions\/16110"}],"wp:featuredmedia":[{"embeddable":true,"href":"https:\/\/www.memoriaestadionacional.cl\/en\/wp-json\/wp\/v2\/media\/16109"}],"wp:attachment":[{"href":"https:\/\/www.memoriaestadionacional.cl\/en\/wp-json\/wp\/v2\/media?parent=16108"}],"wp:term":[{"taxonomy":"category","embeddable":true,"href":"https:\/\/www.memoriaestadionacional.cl\/en\/wp-json\/wp\/v2\/categories?post=16108"},{"taxonomy":"post_tag","embeddable":true,"href":"https:\/\/www.memoriaestadionacional.cl\/en\/wp-json\/wp\/v2\/tags?post=16108"}],"curies":[{"name":"wp","href":"https:\/\/api.w.org\/{rel}","templated":true}]}}