{"id":16102,"date":"2025-11-06T11:51:18","date_gmt":"2025-11-06T11:51:18","guid":{"rendered":"https:\/\/www.memoriaestadionacional.cl\/?p=16102"},"modified":"2025-11-28T11:53:32","modified_gmt":"2025-11-28T11:53:32","slug":"encuentro-nacional-de-la-red-de-archivos-de-memoria-y-derechos-humanos","status":"publish","type":"post","link":"https:\/\/www.memoriaestadionacional.cl\/en\/encuentro-nacional-de-la-red-de-archivos-de-memoria-y-derechos-humanos\/","title":{"rendered":"Encuentro Nacional de la Red de Archivos de Memoria y Derechos Humanos"},"content":{"rendered":"<div class=\"wpb-content-wrapper\"><div class=\"vc-row-container container\"><div class=\"vc_row wpb_row vc_row-fluid\"><div class=\"wpb_column vc_column_container vc_col-sm-12\"><div class=\"vc_column-inner\"><div class=\"wpb_wrapper\">\n\t<div class=\"wpb_text_column wpb_content_element\" >\n\t\t<div class=\"wpb_wrapper\">\n\t\t\t<p>Los d\u00edas 6 y 7 de noviembre se realiz\u00f3 en la Corporaci\u00f3n Estadio Nacional Memoria Nacional el Encuentro Nacional de la Red de Archivos de Memoria y Derechos Humanos (RAMDH). Esta iniciativa re\u00fane a distintas instituciones comprometidas con la importancia que tienen los archivos para materializar el compromisos de verdad, justicia, reparaci\u00f3n y memoria frente a los actos de terrorismo de Estado sucedidos en Chile a partir de 1973.<\/p>\n<p>Los representantes de las instituciones que integran la red fueron recibidos por Marcelo Acevedo, presidente de la Corporaci\u00f3n Estadio Nacional Memoria Nacional, e Ignacio Ayala, del Centro Cultural y Museo de Neltume.<\/p>\n<p>Como parte del encuentro, el d\u00eda jueves se realizaron varios talleres en dependencias de la corporaci\u00f3n. Entre ellos: Organizaci\u00f3n de Archivos, con Soledad D\u00edaz; Archivos de Memoria y Derechos Humanos, con David Padilla; Conservaci\u00f3n Preventiva de Archivos, con Cecilia Fuentes; C\u00f3mo Digitalizar Documentos, con Estefan\u00eda Inostroza, y Archivos y Wikimedia, a cargo de Leslie Araneda y el equipo Wikimedia Chile.<\/p>\n<p>El encuentro culmin\u00f3 con el conversatorio \u201cLos archivos como herramienta contra el negacionismo\u201d y \u201cLey de Archivos\u201d, en el que participaron Patricia Huenuqueo, directora del Archivo Nacional, y Carmen Pinto, directora CEDOC de la Comisi\u00f3n Chilena de Derechos Humanos. <\/p>\n\n\t\t<\/div>\n\t<\/div>\n<\/div><\/div><\/div><\/div><\/div>\n<\/div>","protected":false},"excerpt":{"rendered":"Los d\u00edas 6 y 7 de noviembre se realiz\u00f3 en la Corporaci\u00f3n Estadio Nacional Memoria Nacional el Encuentro Nacional de la Red de Archivos de&hellip;","protected":false},"author":1,"featured_media":16103,"comment_status":"open","ping_status":"open","sticky":false,"template":"","format":"standard","meta":{"_acf_changed":false,"footnotes":""},"categories":[11],"tags":[],"class_list":["post-16102","post","type-post","status-publish","format-standard","has-post-thumbnail","hentry","category-noticias"],"acf":[],"aioseo_notices":[],"_links":{"self":[{"href":"https:\/\/www.memoriaestadionacional.cl\/en\/wp-json\/wp\/v2\/posts\/16102","targetHints":{"allow":["GET"]}}],"collection":[{"href":"https:\/\/www.memoriaestadionacional.cl\/en\/wp-json\/wp\/v2\/posts"}],"about":[{"href":"https:\/\/www.memoriaestadionacional.cl\/en\/wp-json\/wp\/v2\/types\/post"}],"author":[{"embeddable":true,"href":"https:\/\/www.memoriaestadionacional.cl\/en\/wp-json\/wp\/v2\/users\/1"}],"replies":[{"embeddable":true,"href":"https:\/\/www.memoriaestadionacional.cl\/en\/wp-json\/wp\/v2\/comments?post=16102"}],"version-history":[{"count":1,"href":"https:\/\/www.memoriaestadionacional.cl\/en\/wp-json\/wp\/v2\/posts\/16102\/revisions"}],"predecessor-version":[{"id":16104,"href":"https:\/\/www.memoriaestadionacional.cl\/en\/wp-json\/wp\/v2\/posts\/16102\/revisions\/16104"}],"wp:featuredmedia":[{"embeddable":true,"href":"https:\/\/www.memoriaestadionacional.cl\/en\/wp-json\/wp\/v2\/media\/16103"}],"wp:attachment":[{"href":"https:\/\/www.memoriaestadionacional.cl\/en\/wp-json\/wp\/v2\/media?parent=16102"}],"wp:term":[{"taxonomy":"category","embeddable":true,"href":"https:\/\/www.memoriaestadionacional.cl\/en\/wp-json\/wp\/v2\/categories?post=16102"},{"taxonomy":"post_tag","embeddable":true,"href":"https:\/\/www.memoriaestadionacional.cl\/en\/wp-json\/wp\/v2\/tags?post=16102"}],"curies":[{"name":"wp","href":"https:\/\/api.w.org\/{rel}","templated":true}]}}