{"id":16034,"date":"2025-10-15T18:47:40","date_gmt":"2025-10-15T18:47:40","guid":{"rendered":"https:\/\/www.memoriaestadionacional.cl\/?p=16034"},"modified":"2025-10-15T20:06:57","modified_gmt":"2025-10-15T20:06:57","slug":"culmina-peritaje-arqueologico-en-el-velodromo-del-estradiol-nacional","status":"publish","type":"post","link":"https:\/\/www.memoriaestadionacional.cl\/en\/culmina-peritaje-arqueologico-en-el-velodromo-del-estradiol-nacional\/","title":{"rendered":"Culmina peritaje arqueol\u00f3gico en el vel\u00f3dromo Sergio Tormen M\u00e9ndez del Estadio Nacional"},"content":{"rendered":"<div class=\"wpb-content-wrapper\"><div class=\"vc-row-container container\"><div class=\"vc_row wpb_row vc_row-fluid\"><div class=\"wpb_column vc_column_container vc_col-sm-12\"><div class=\"vc_column-inner\"><div class=\"wpb_wrapper\">\n\t<div class=\"wpb_text_column wpb_content_element\" >\n\t\t<div class=\"wpb_wrapper\">\n\t\t\t<p>Tras diez meses de intenso trabajo, y con la entrega del informe final, culmin\u00f3 un ciclo de trabajo en torno al peritaje arqueol\u00f3gico del vel\u00f3dromo Sergio Tormen M\u00e9ndez, lugar de tortura dentro del Estadio Nacional. Este proceso da cuenta de un esfuerzo colaborativo entre la Corporaci\u00f3n Estadio Nacional Memoria Nacional , el Ministerio del Deporte, el Consejo de Monumentos Nacionales, el Instituto Nacional del Deporte y el Centro Nacional de Conservaci\u00f3n y Restauraci\u00f3n. Las arque\u00f3logas a cargo pudieron definir una serie de hallazgos que confirman la necesidad de resguardar tanto el t\u00fanel del vel\u00f3dromo como la caracola como espacio de memoria, ya que all\u00ed se cometieron actos de tortura y violaci\u00f3n a los Derechos Humanos durante la dictadura c\u00edvico militar en Chile.<\/p>\n<p>\u201cTuvimos una reuni\u00f3n donde pudimos revisar los principales hallazgos arqueol\u00f3gicos del informe, y establecer adem\u00e1s los lineamientos de conservaci\u00f3n del vel\u00f3dromo y la caracola como Sitio de Memoria, y proyectar la rehabilitaci\u00f3n de estos espacios\u201d, explic\u00f3 Marcelo Acevedo, presidente de la Corporaci\u00f3n Estadio Nacional Memoria Nacional.<\/p>\n<p>Por su parte, Andrea Navea, encargada de Relaciones Internacionales del Ministerio del Deporte, destac\u00f3: \u201cHa sido una instancia de profundo trabajo donde nos convoca generar las decisiones y el trabajo en torno al resguardo de estos Sitios de Memoria\u201d.<\/p>\n<p>Todo el proceso de trabajo en torno al peritaje arqueol\u00f3gico del vel\u00f3dromo del Estadio Nacional ha sido tremendamente colaborativo. Y en ese sentido L\u00eda Karmelic, del Instituto Nacional del Deporte, destac\u00f3 como uno de los valores m\u00e1s positivos la posibilidad de avanzar en forma conjunta con diversas entidades para establecer de qu\u00e9 forma se va a intervenir a futuro un espacio que forma parte del recorrido de la memoria del Estadio Nacional. \u201cQueremos que los Sitios de Memoria dentro del estadio queden totalmente resguardados, que sean visibles, y que puedan ser visitados por todo el mundo\u201d.<\/p>\n<p>Si bien ya se cuenta con el informe final del peritaje arqueol\u00f3gico, ahora se inicia un trabajo mancomunado para definir los lineamientos de conservaci\u00f3n de dichos espacios. Una labor que reafirma el compromiso de la Corporaci\u00edon Estadio Nacional Memoria Nacional con el resguardo de la memoria hist\u00f3rica de los hechos ocurridos en el Estadio Nacional tras el golpe de estado, y con la honra de los cientos de chilenos y chilenas v\u00edctimas de tortura, persecuci\u00f3n y muerte en este recinto deportivo.<\/p>\n\n\t\t<\/div>\n\t<\/div>\n<\/div><\/div><\/div><\/div><\/div>\n<\/div>","protected":false},"excerpt":{"rendered":"Tras diez meses de intenso trabajo, y con la entrega del informe final, culmin\u00f3 un ciclo de trabajo en torno al peritaje arqueol\u00f3gico del vel\u00f3dromo&hellip;","protected":false},"author":1,"featured_media":16035,"comment_status":"open","ping_status":"open","sticky":false,"template":"","format":"standard","meta":{"_acf_changed":false,"footnotes":""},"categories":[11],"tags":[],"class_list":["post-16034","post","type-post","status-publish","format-standard","has-post-thumbnail","hentry","category-noticias"],"acf":[],"aioseo_notices":[],"_links":{"self":[{"href":"https:\/\/www.memoriaestadionacional.cl\/en\/wp-json\/wp\/v2\/posts\/16034","targetHints":{"allow":["GET"]}}],"collection":[{"href":"https:\/\/www.memoriaestadionacional.cl\/en\/wp-json\/wp\/v2\/posts"}],"about":[{"href":"https:\/\/www.memoriaestadionacional.cl\/en\/wp-json\/wp\/v2\/types\/post"}],"author":[{"embeddable":true,"href":"https:\/\/www.memoriaestadionacional.cl\/en\/wp-json\/wp\/v2\/users\/1"}],"replies":[{"embeddable":true,"href":"https:\/\/www.memoriaestadionacional.cl\/en\/wp-json\/wp\/v2\/comments?post=16034"}],"version-history":[{"count":2,"href":"https:\/\/www.memoriaestadionacional.cl\/en\/wp-json\/wp\/v2\/posts\/16034\/revisions"}],"predecessor-version":[{"id":16037,"href":"https:\/\/www.memoriaestadionacional.cl\/en\/wp-json\/wp\/v2\/posts\/16034\/revisions\/16037"}],"wp:featuredmedia":[{"embeddable":true,"href":"https:\/\/www.memoriaestadionacional.cl\/en\/wp-json\/wp\/v2\/media\/16035"}],"wp:attachment":[{"href":"https:\/\/www.memoriaestadionacional.cl\/en\/wp-json\/wp\/v2\/media?parent=16034"}],"wp:term":[{"taxonomy":"category","embeddable":true,"href":"https:\/\/www.memoriaestadionacional.cl\/en\/wp-json\/wp\/v2\/categories?post=16034"},{"taxonomy":"post_tag","embeddable":true,"href":"https:\/\/www.memoriaestadionacional.cl\/en\/wp-json\/wp\/v2\/tags?post=16034"}],"curies":[{"name":"wp","href":"https:\/\/api.w.org\/{rel}","templated":true}]}}