{"id":16005,"date":"2025-10-08T14:43:36","date_gmt":"2025-10-08T14:43:36","guid":{"rendered":"https:\/\/www.memoriaestadionacional.cl\/?p=16005"},"modified":"2025-10-08T15:30:23","modified_gmt":"2025-10-08T15:30:23","slug":"se-aprueba-ley-que-crea-registro-de-victimas-de-desaparicion-forzada","status":"publish","type":"post","link":"https:\/\/www.memoriaestadionacional.cl\/en\/se-aprueba-ley-que-crea-registro-de-victimas-de-desaparicion-forzada\/","title":{"rendered":"Se aprueba ley que crea registro de v\u00edctimas de desaparici\u00f3n forzada"},"content":{"rendered":"<div class=\"wpb-content-wrapper\"><div class=\"vc-row-container container\"><div class=\"vc_row wpb_row vc_row-fluid\"><div class=\"wpb_column vc_column_container vc_col-sm-12\"><div class=\"vc_column-inner\"><div class=\"wpb_wrapper\">\n\t<div class=\"wpb_text_column wpb_content_element\" >\n\t\t<div class=\"wpb_wrapper\">\n\t\t\t<p>La C\u00e1mara de Diputados y Diputadas dio un paso significativo en materia de Derechos Humanos al aprobar este lunes el proyecto de ley que crea el Registro de Personas Ausentes por Desaparici\u00f3n Forzada, una medida de reparaci\u00f3n simb\u00f3lica esperada por d\u00e9cadas por las familias de v\u00edctimas de la dictadura. La iniciativa, parte del Plan Nacional de B\u00fasqueda de Verdad y Justicia impulsado por el Gobierno, establecer\u00e1 por primera vez la calificaci\u00f3n legal para las v\u00edctimas de desaparici\u00f3n forzada ocurridas entre 1973 y 1990.<\/p>\n<p>La ley crea un registro p\u00fablico, gratuito y de car\u00e1cter digital que estar\u00e1 a cargo del Servicio de Registro Civil e Identificaci\u00f3n. El objetivo es que el Estado reconozca oficialmente la ausencia de estas personas, dignificando su memoria.<\/p>\n<p>El proyecto fue impulsado con el respaldo de familiares de v\u00edctimas, y en particular por la diputada y ex presidenta de la Agrupaci\u00f3n de Familiares de Detenidos Desaparecidos, Lorena Pizarro, quien en su intervenci\u00f3n subray\u00f3 la profunda herida que esta situaci\u00f3n ha provocado en las familias chilenas. &#8220;Esto no solo se trata de recibir un certificado, sino que se trata de que el Estado de Chile tiene personas vivas, muertas y ausentes por desaparici\u00f3n forzada&#8221;. Y record\u00f3 el calvario vivido por los afectados, quienes durante a\u00f1os han enfrentado el desd\u00e9n y la revictimizaci\u00f3n por parte de las autoridades.<\/p>\n<h3><\/h3>\n<h3>Un acto de reparaci\u00f3n<\/h3>\n<p>La ley aprobada por el Congreso es una herramienta de reparaci\u00f3n simb\u00f3lica para las familias de los detenidos desaparecidos y ejecutados pol\u00edticos sin entrega de cuerpos. En ese sentido, una vez en pr\u00e1ctica, los familiares podr\u00e1n solicitar y obtener certificados gratuitos que acrediten la condici\u00f3n de &#8220;ausente por desaparici\u00f3n forzada&#8221; de sus seres queridos.<\/p>\n<p>Desde el Ministerio de Justicia se declar\u00f3 que con esta nueva legislaci\u00f3n, Chile no solo reafirma que la desaparici\u00f3n forzada fue una pol\u00edtica sistem\u00e1tica de Estado durante la dictadura, sino que tambi\u00e9n refuerza la obligaci\u00f3n de seguir buscando, esclareciendo los hechos y garantizando que estos cr\u00edmenes no se repitan.<\/p>\n\n\t\t<\/div>\n\t<\/div>\n<\/div><\/div><\/div><\/div><\/div>\n<\/div>","protected":false},"excerpt":{"rendered":"La C\u00e1mara de Diputados y Diputadas dio un paso significativo en materia de Derechos Humanos al aprobar este lunes el proyecto de ley que crea&hellip;","protected":false},"author":1,"featured_media":16006,"comment_status":"open","ping_status":"open","sticky":false,"template":"","format":"standard","meta":{"_acf_changed":false,"footnotes":""},"categories":[11],"tags":[],"class_list":["post-16005","post","type-post","status-publish","format-standard","has-post-thumbnail","hentry","category-noticias"],"acf":[],"aioseo_notices":[],"_links":{"self":[{"href":"https:\/\/www.memoriaestadionacional.cl\/en\/wp-json\/wp\/v2\/posts\/16005","targetHints":{"allow":["GET"]}}],"collection":[{"href":"https:\/\/www.memoriaestadionacional.cl\/en\/wp-json\/wp\/v2\/posts"}],"about":[{"href":"https:\/\/www.memoriaestadionacional.cl\/en\/wp-json\/wp\/v2\/types\/post"}],"author":[{"embeddable":true,"href":"https:\/\/www.memoriaestadionacional.cl\/en\/wp-json\/wp\/v2\/users\/1"}],"replies":[{"embeddable":true,"href":"https:\/\/www.memoriaestadionacional.cl\/en\/wp-json\/wp\/v2\/comments?post=16005"}],"version-history":[{"count":2,"href":"https:\/\/www.memoriaestadionacional.cl\/en\/wp-json\/wp\/v2\/posts\/16005\/revisions"}],"predecessor-version":[{"id":16008,"href":"https:\/\/www.memoriaestadionacional.cl\/en\/wp-json\/wp\/v2\/posts\/16005\/revisions\/16008"}],"wp:featuredmedia":[{"embeddable":true,"href":"https:\/\/www.memoriaestadionacional.cl\/en\/wp-json\/wp\/v2\/media\/16006"}],"wp:attachment":[{"href":"https:\/\/www.memoriaestadionacional.cl\/en\/wp-json\/wp\/v2\/media?parent=16005"}],"wp:term":[{"taxonomy":"category","embeddable":true,"href":"https:\/\/www.memoriaestadionacional.cl\/en\/wp-json\/wp\/v2\/categories?post=16005"},{"taxonomy":"post_tag","embeddable":true,"href":"https:\/\/www.memoriaestadionacional.cl\/en\/wp-json\/wp\/v2\/tags?post=16005"}],"curies":[{"name":"wp","href":"https:\/\/api.w.org\/{rel}","templated":true}]}}