{"id":15988,"date":"2025-07-22T01:36:26","date_gmt":"2025-07-22T01:36:26","guid":{"rendered":"https:\/\/www.memoriaestadionacional.cl\/?p=15988"},"modified":"2025-09-02T01:41:03","modified_gmt":"2025-09-02T01:41:03","slug":"directora-de-la-secretaria-de-presidencia-de-derechos-humanos-para-el-pasado-reciente-de-uruguay-y-la-comitiva-de-la-embajada-de-la-republica-oriental-de-uruguay-visitan-los-sitios-de-memoria-del-esta","status":"publish","type":"post","link":"https:\/\/www.memoriaestadionacional.cl\/en\/directora-de-la-secretaria-de-presidencia-de-derechos-humanos-para-el-pasado-reciente-de-uruguay-y-la-comitiva-de-la-embajada-de-la-republica-oriental-de-uruguay-visitan-los-sitios-de-memoria-del-esta\/","title":{"rendered":"Directora de la Secretar\u00eda de Presidencia de Derechos Humanos para el Pasado Reciente de Uruguay y la comitiva de la Embajada de la Rep\u00fablica Oriental de Uruguay visitan los Sitios de Memoria del Estadio Nacional"},"content":{"rendered":"<div class=\"wpb-content-wrapper\"><div class=\"vc-row-container container\"><div class=\"vc_row wpb_row vc_row-fluid\"><div class=\"wpb_column vc_column_container vc_col-sm-12\"><div class=\"vc_column-inner\"><div class=\"wpb_wrapper\">\n\t<div class=\"wpb_text_column wpb_content_element\" >\n\t\t<div class=\"wpb_wrapper\">\n\t\t\t<p>Desde los Sitios de Memoria del Estadio Nacional, agradecemos la significativa visita de la Directora de la Secretar\u00eda de Presidencia de Derechos Humanos para el Pasado Reciente de Uruguay, Alejandra Casablanca, junto a la comitiva de la Embajada de la Rep\u00fablica Oriental del Uruguay.<\/p>\n<p>En el marco de su paso por Chile, la delegaci\u00f3n recorri\u00f3 los distintos sitios de memoria del Estadio Nacional con el objetivo de conocer de primera fuente las pol\u00edticas de Estado en materia de memoria y derechos humanos implementadas en nuestro pa\u00eds.<\/p>\n<p>Durante la jornada, fueron recibidas por los directores del sitio Patricio Sandoval y Patricio Cerda, junto a la coordinadora Mariela Fuentes, quienes guiaron el recorrido por los espacios de memoria y compartieron el proceso de reconstrucci\u00f3n de los sitios, sus desaf\u00edos actuales y el rol que cumple en la promoci\u00f3n de una memoria activa y comprometida.<\/p>\n<p>La visita fue una instancia de intercambio y reflexi\u00f3n en torno a las memorias del pasado reciente en Am\u00e9rica Latina, marcada por el di\u00e1logo, el respeto y el compromiso compartido con la defensa de los derechos humanos y la democracia.<\/p>\n\n\t\t<\/div>\n\t<\/div>\n<\/div><\/div><\/div><\/div><\/div><div class=\"vc-row-container container\"><div class=\"vc_row wpb_row vc_row-fluid\"><div class=\"wpb_column vc_column_container vc_col-sm-12\"><div class=\"vc_column-inner\"><div class=\"wpb_wrapper\">\n\t\t\t<!-- START Comitiva Embajada Uruguay REVOLUTION SLIDER 6.7.41 --><p class=\"rs-p-wp-fix\"><\/p>\n\t\t\t<rs-module-wrap id=\"rev_slider_86_1_wrapper\" data-source=\"gallery\" style=\"visibility:hidden;background:transparent;padding:0;margin:0px auto;margin-top:0;margin-bottom:0;\">\n\t\t\t\t<rs-module id=\"rev_slider_86_1\" style=\"\" data-version=\"6.7.41\">\n\t\t\t\t\t<rs-slides style=\"overflow: hidden; position: absolute;\">\n\t\t\t\t\t\t<rs-slide style=\"position: absolute;\" data-key=\"rs-1386\" data-title=\"Slide\" data-thumb=\"\/\/www.memoriaestadionacional.cl\/wp-content\/uploads\/2025\/09\/8f3869cd-7161-46ae-97b6-832aa1118edb-50x100.jpg\" data-in=\"o:0;\" data-out=\"a:false;\">\n\t\t\t\t\t\t\t<img decoding=\"async\" src=\"\/\/www.memoriaestadionacional.cl\/wp-content\/plugins\/revslider\/sr6\/assets\/assets\/dummy.png\" alt=\"\" title=\"Directora de la Secretar\u00eda de Presidencia de Derechos Humanos para el Pasado Reciente de Uruguay y la comitiva de la Embajada de la Rep\u00fablica Oriental de Uruguay visitan los Sitios de Memoria del Estadio Nacional\" class=\"rev-slidebg tp-rs-img rs-lazyload\" data-lazyload=\"\/\/www.memoriaestadionacional.cl\/wp-content\/uploads\/2025\/09\/8f3869cd-7161-46ae-97b6-832aa1118edb.jpg\" data-no-retina>\n<!---->\t\t\t\t\t<\/rs-slide>\n\t\t\t\t\t\t<rs-slide style=\"position: absolute;\" data-key=\"rs-1387\" data-title=\"Slide\" data-thumb=\"\/\/www.memoriaestadionacional.cl\/wp-content\/uploads\/2025\/09\/c9449fd5-4402-4f49-a349-1ceab33d2036-50x100.jpg\" data-in=\"o:0;\" data-out=\"a:false;\">\n\t\t\t\t\t\t\t<img decoding=\"async\" src=\"\/\/www.memoriaestadionacional.cl\/wp-content\/plugins\/revslider\/sr6\/assets\/assets\/dummy.png\" alt=\"\" title=\"Directora de la Secretar\u00eda de Presidencia de Derechos Humanos para el Pasado Reciente de Uruguay y la comitiva de la Embajada de la Rep\u00fablica Oriental de Uruguay visitan los Sitios de Memoria del Estadio Nacional\" class=\"rev-slidebg tp-rs-img rs-lazyload\" data-lazyload=\"\/\/www.memoriaestadionacional.cl\/wp-content\/uploads\/2025\/09\/c9449fd5-4402-4f49-a349-1ceab33d2036.jpg\" data-no-retina>\n<!---->\t\t\t\t\t<\/rs-slide>\n\t\t\t\t\t\t<rs-slide style=\"position: absolute;\" data-key=\"rs-1388\" data-title=\"Slide\" data-thumb=\"\/\/www.memoriaestadionacional.cl\/wp-content\/uploads\/2025\/09\/cfae526f-eac6-49f2-8b71-2a0e9c6b6214-50x100.jpg\" data-in=\"o:0;\" data-out=\"a:false;\">\n\t\t\t\t\t\t\t<img decoding=\"async\" src=\"\/\/www.memoriaestadionacional.cl\/wp-content\/plugins\/revslider\/sr6\/assets\/assets\/dummy.png\" alt=\"\" title=\"Directora de la Secretar\u00eda de Presidencia de Derechos Humanos para el Pasado Reciente de Uruguay y la comitiva de la Embajada de la Rep\u00fablica Oriental de Uruguay visitan los Sitios de Memoria del Estadio Nacional\" class=\"rev-slidebg tp-rs-img rs-lazyload\" data-lazyload=\"\/\/www.memoriaestadionacional.cl\/wp-content\/uploads\/2025\/09\/cfae526f-eac6-49f2-8b71-2a0e9c6b6214.jpg\" data-no-retina>\n<!---->\t\t\t\t\t<\/rs-slide>\n\t\t\t\t\t\t<rs-slide style=\"position: absolute;\" data-key=\"rs-1389\" data-title=\"Slide\" data-thumb=\"\/\/www.memoriaestadionacional.cl\/wp-content\/uploads\/2025\/09\/edcb22d8-9b6e-4ba0-a1bf-45d99bc501a7-50x100.jpg\" data-in=\"o:0;\" data-out=\"a:false;\">\n\t\t\t\t\t\t\t<img decoding=\"async\" src=\"\/\/www.memoriaestadionacional.cl\/wp-content\/plugins\/revslider\/sr6\/assets\/assets\/dummy.png\" alt=\"\" title=\"Directora de la Secretar\u00eda de Presidencia de Derechos Humanos para el Pasado Reciente de Uruguay y la comitiva de la Embajada de la Rep\u00fablica Oriental de Uruguay visitan los Sitios de Memoria del Estadio Nacional\" class=\"rev-slidebg tp-rs-img rs-lazyload\" data-lazyload=\"\/\/www.memoriaestadionacional.cl\/wp-content\/uploads\/2025\/09\/edcb22d8-9b6e-4ba0-a1bf-45d99bc501a7.jpg\" data-no-retina>\n<!---->\t\t\t\t\t<\/rs-slide>\n\t\t\t\t\t<\/rs-slides>\n\t\t\t\t<\/rs-module>\n\t\t\t\t<script>\n\t\t\t\t\tsetREVStartSize({c: 'rev_slider_86_1',rl:[1240,1024,778,480],el:[900],gw:[1240],gh:[900],type:'carousel',justify:'',layout:'fullwidth',mh:\"0\"});if (window.RS_MODULES!==undefined && window.RS_MODULES.modules!==undefined && window.RS_MODULES.modules[\"revslider861\"]!==undefined) {window.RS_MODULES.modules[\"revslider861\"].once = false;window.revapi86 = undefined;if (window.RS_MODULES.checkMinimal!==undefined) window.RS_MODULES.checkMinimal()}\n\t\t\t\t<\/script>\n\t\t\t<\/rs-module-wrap>\n\t\t\t<!-- END REVOLUTION SLIDER -->\n<\/div><\/div><\/div><\/div><\/div>\n<\/div>","protected":false},"excerpt":{"rendered":"Desde los Sitios de Memoria del Estadio Nacional, agradecemos la significativa visita de la Directora de la Secretar\u00eda de Presidencia de Derechos Humanos para el&hellip;","protected":false},"author":1,"featured_media":15990,"comment_status":"open","ping_status":"open","sticky":false,"template":"","format":"standard","meta":{"_acf_changed":false,"footnotes":""},"categories":[11],"tags":[],"class_list":["post-15988","post","type-post","status-publish","format-standard","has-post-thumbnail","hentry","category-noticias"],"acf":[],"aioseo_notices":[],"_links":{"self":[{"href":"https:\/\/www.memoriaestadionacional.cl\/en\/wp-json\/wp\/v2\/posts\/15988","targetHints":{"allow":["GET"]}}],"collection":[{"href":"https:\/\/www.memoriaestadionacional.cl\/en\/wp-json\/wp\/v2\/posts"}],"about":[{"href":"https:\/\/www.memoriaestadionacional.cl\/en\/wp-json\/wp\/v2\/types\/post"}],"author":[{"embeddable":true,"href":"https:\/\/www.memoriaestadionacional.cl\/en\/wp-json\/wp\/v2\/users\/1"}],"replies":[{"embeddable":true,"href":"https:\/\/www.memoriaestadionacional.cl\/en\/wp-json\/wp\/v2\/comments?post=15988"}],"version-history":[{"count":1,"href":"https:\/\/www.memoriaestadionacional.cl\/en\/wp-json\/wp\/v2\/posts\/15988\/revisions"}],"predecessor-version":[{"id":15993,"href":"https:\/\/www.memoriaestadionacional.cl\/en\/wp-json\/wp\/v2\/posts\/15988\/revisions\/15993"}],"wp:featuredmedia":[{"embeddable":true,"href":"https:\/\/www.memoriaestadionacional.cl\/en\/wp-json\/wp\/v2\/media\/15990"}],"wp:attachment":[{"href":"https:\/\/www.memoriaestadionacional.cl\/en\/wp-json\/wp\/v2\/media?parent=15988"}],"wp:term":[{"taxonomy":"category","embeddable":true,"href":"https:\/\/www.memoriaestadionacional.cl\/en\/wp-json\/wp\/v2\/categories?post=15988"},{"taxonomy":"post_tag","embeddable":true,"href":"https:\/\/www.memoriaestadionacional.cl\/en\/wp-json\/wp\/v2\/tags?post=15988"}],"curies":[{"name":"wp","href":"https:\/\/api.w.org\/{rel}","templated":true}]}}