{"id":15942,"date":"2025-06-19T17:03:08","date_gmt":"2025-06-19T17:03:08","guid":{"rendered":"https:\/\/www.memoriaestadionacional.cl\/?p=15942"},"modified":"2025-09-01T17:04:29","modified_gmt":"2025-09-01T17:04:29","slug":"sitios-de-memoria-estadio-nacional-participo-en-lanzamiento-de-publicaciones-del-archivo-nacional","status":"publish","type":"post","link":"https:\/\/www.memoriaestadionacional.cl\/en\/sitios-de-memoria-estadio-nacional-participo-en-lanzamiento-de-publicaciones-del-archivo-nacional\/","title":{"rendered":"Sitios de Memoria Estadio Nacional particip\u00f3 en lanzamiento de publicaciones del Archivo Nacional"},"content":{"rendered":"<div class=\"wpb-content-wrapper\"><div class=\"vc-row-container container\"><div class=\"vc_row wpb_row vc_row-fluid\"><div class=\"wpb_column vc_column_container vc_col-sm-12\"><div class=\"vc_column-inner\"><div class=\"wpb_wrapper\">\n\t<div class=\"wpb_text_column wpb_content_element\" >\n\t\t<div class=\"wpb_wrapper\">\n\t\t\t<p>En el marco del D\u00eda Internacional de los Archivos, el pasado jueves 19 de junio, el Archivo Nacional realiz\u00f3 la presentaci\u00f3n de las publicaciones \u201cCuaderno pedag\u00f3gico: archivos para una educaci\u00f3n en derechos humanos\u201d y \u201c1973: memorias y documentos de un pa\u00eds fracturado\u201d. La actividad se llev\u00f3 a cabo en su sede institucional, con la participaci\u00f3n de organizaciones de memoria y profesionales de archivo.<\/p>\n<p>En representaci\u00f3n del Sitio de Memoria Estadio Nacional, particip\u00f3 Alejandra Paredes, encargada del Archivo de la Corporaci\u00f3n, quien fue invitada a exponer sobre su experiencia en los talleres realizados en 2023 por el Archivo Nacional, que dieron origen al libro \u201c1973: memorias y documentos de un pa\u00eds fracturado\u201d. Su intervenci\u00f3n se centr\u00f3 en el cap\u00edtulo \u201cDescripci\u00f3n participativa\u201d, relatando el proceso de aprendizaje colectivo y el trabajo articulado con otros sitios de memoria para avanzar en pr\u00e1cticas de archiv\u00edstica desde una perspectiva de derechos humanos.<\/p>\n<p>Estos talleres, realizados durante la conmemoraci\u00f3n de los 50 a\u00f1os del golpe civil y militar, buscaron acercar a la ciudadan\u00eda al uso y an\u00e1lisis de archivos, memorias y documentos de la represi\u00f3n. En ellos participaron organizaciones de derechos humanos y sitios de memoria.<\/p>\n<p>Durante la jornada de lanzamiento, tambi\u00e9n intervinieron Leonardo Mellado (coordinador de vinculaci\u00f3n con el medio del Archivo Nacional), Natalia Gonz\u00e1lez (Archivo Nacional de la Memoria), y el periodista y dise\u00f1ador gr\u00e1fico Jos\u00e9 Valencia, quien comparti\u00f3 una emotiva carta escrita durante su prisi\u00f3n pol\u00edtica en dictadura, texto recientemente recuperado para este proyecto. La mesa fue moderada por Marcela Morales, del Archivo Mujeres y G\u00e9neros.<\/p>\n<p>La Corporaci\u00f3n valora profundamente esta invitaci\u00f3n, que reconoce el trabajo que se viene desarrollando desde el archivo del Sitio de Memoria Estadio Nacional como una herramienta fundamental para preservar, describir y poner en circulaci\u00f3n la memoria hist\u00f3rica.<\/p>\n\n\t\t<\/div>\n\t<\/div>\n<\/div><\/div><\/div><\/div><\/div>\n<\/div>","protected":false},"excerpt":{"rendered":"En el marco del D\u00eda Internacional de los Archivos, el pasado jueves 19 de junio, el Archivo Nacional realiz\u00f3 la presentaci\u00f3n de las publicaciones \u201cCuaderno&hellip;","protected":false},"author":1,"featured_media":15943,"comment_status":"open","ping_status":"open","sticky":false,"template":"","format":"standard","meta":{"_acf_changed":false,"footnotes":""},"categories":[11],"tags":[],"class_list":["post-15942","post","type-post","status-publish","format-standard","has-post-thumbnail","hentry","category-noticias"],"acf":[],"aioseo_notices":[],"_links":{"self":[{"href":"https:\/\/www.memoriaestadionacional.cl\/en\/wp-json\/wp\/v2\/posts\/15942","targetHints":{"allow":["GET"]}}],"collection":[{"href":"https:\/\/www.memoriaestadionacional.cl\/en\/wp-json\/wp\/v2\/posts"}],"about":[{"href":"https:\/\/www.memoriaestadionacional.cl\/en\/wp-json\/wp\/v2\/types\/post"}],"author":[{"embeddable":true,"href":"https:\/\/www.memoriaestadionacional.cl\/en\/wp-json\/wp\/v2\/users\/1"}],"replies":[{"embeddable":true,"href":"https:\/\/www.memoriaestadionacional.cl\/en\/wp-json\/wp\/v2\/comments?post=15942"}],"version-history":[{"count":1,"href":"https:\/\/www.memoriaestadionacional.cl\/en\/wp-json\/wp\/v2\/posts\/15942\/revisions"}],"predecessor-version":[{"id":15944,"href":"https:\/\/www.memoriaestadionacional.cl\/en\/wp-json\/wp\/v2\/posts\/15942\/revisions\/15944"}],"wp:featuredmedia":[{"embeddable":true,"href":"https:\/\/www.memoriaestadionacional.cl\/en\/wp-json\/wp\/v2\/media\/15943"}],"wp:attachment":[{"href":"https:\/\/www.memoriaestadionacional.cl\/en\/wp-json\/wp\/v2\/media?parent=15942"}],"wp:term":[{"taxonomy":"category","embeddable":true,"href":"https:\/\/www.memoriaestadionacional.cl\/en\/wp-json\/wp\/v2\/categories?post=15942"},{"taxonomy":"post_tag","embeddable":true,"href":"https:\/\/www.memoriaestadionacional.cl\/en\/wp-json\/wp\/v2\/tags?post=15942"}],"curies":[{"name":"wp","href":"https:\/\/api.w.org\/{rel}","templated":true}]}}