{"id":15934,"date":"2025-06-10T17:00:16","date_gmt":"2025-06-10T17:00:16","guid":{"rendered":"https:\/\/www.memoriaestadionacional.cl\/?p=15934"},"modified":"2025-09-01T17:00:58","modified_gmt":"2025-09-01T17:00:58","slug":"la-memoria-como-centro-de-nuestros-corazones-taller-colectivo-en-torno-a-la-fotografia-la-memoria-y-los-afectos","status":"publish","type":"post","link":"https:\/\/www.memoriaestadionacional.cl\/en\/la-memoria-como-centro-de-nuestros-corazones-taller-colectivo-en-torno-a-la-fotografia-la-memoria-y-los-afectos\/","title":{"rendered":"\u201cLa memoria como centro de nuestros corazones\u201d: Taller colectivo en torno a la fotograf\u00eda, la memoria y los afectos"},"content":{"rendered":"<div class=\"wpb-content-wrapper\"><div class=\"vc-row-container container\"><div class=\"vc_row wpb_row vc_row-fluid\"><div class=\"wpb_column vc_column_container vc_col-sm-12\"><div class=\"vc_column-inner\"><div class=\"wpb_wrapper\">\n\t<div class=\"wpb_text_column wpb_content_element\" >\n\t\t<div class=\"wpb_wrapper\">\n\t\t\t<p>El pasado 10 de junio, se realiz\u00f3 en la Sala de Exposiciones de los Sitios de Memoria del Estadio Nacional el taller \u201cLa memoria como centro de nuestros corazones\u201d, instancia vinculada a la exposici\u00f3n fotogr\u00e1fica del mismo nombre, convocada por la Coordinadora Feminista 8M y las muejeres de la Corporaci\u00f3n Estadio Nacional Memoria Nacional.<\/p>\n<p>En esta oportunidad, nos acompa\u00f1\u00f3 la fot\u00f3grafa Mariela Rivera, una de las autoras que participa en la muestra \u201cMujeres contra el fascismo\u201d, quien condujo un taller abierto al p\u00fablico en torno a la memoria afectiva, los relatos personales y el poder testimonial de la imagen.<\/p>\n<p>La jornada convoc\u00f3 a personas de distintas generaciones a compartir fotograf\u00edas personales, contar historias familiares y participar en un bordado colectivo de corazones en solidaridad con las ni\u00f1eces de Gaza, como gesto de memoria activa y empat\u00eda con otros pueblos.<\/p>\n<p>Agradecemos profundamente la participaci\u00f3n de Mariela Rivera y de todas las personas que asistieron con generosidad y compromiso. Estos espacios permiten que la memoria se mantenga viva no solo en los archivos y documentos, sino tambi\u00e9n en los afectos, los cuerpos y las pr\u00e1cticas comunitarias.<\/p>\n<p>Seguiremos abriendo nuestras puertas a instancias que permitan dialogar, crear y resistir desde la memoria y los derechos humanos.<\/p>\n\n\t\t<\/div>\n\t<\/div>\n<\/div><\/div><\/div><\/div><\/div><div class=\"vc-row-container container\"><div class=\"vc_row wpb_row vc_row-fluid\"><div class=\"wpb_column vc_column_container vc_col-sm-12\"><div class=\"vc_column-inner\"><div class=\"wpb_wrapper\">\n\t\t\t<!-- START Taller colectivo en torno a la fotograf\u00eda, la memoria y los afectos REVOLUTION SLIDER 6.7.41 --><p class=\"rs-p-wp-fix\"><\/p>\n\t\t\t<rs-module-wrap id=\"rev_slider_82_1_wrapper\" data-source=\"gallery\" style=\"visibility:hidden;background:transparent;padding:0;margin:0px auto;margin-top:0;margin-bottom:0;\">\n\t\t\t\t<rs-module id=\"rev_slider_82_1\" style=\"\" data-version=\"6.7.41\">\n\t\t\t\t\t<rs-slides style=\"overflow: hidden; position: absolute;\">\n\t\t\t\t\t\t<rs-slide style=\"position: absolute;\" data-key=\"rs-1295\" data-title=\"Slide\" data-thumb=\"\/\/www.memoriaestadionacional.cl\/wp-content\/uploads\/2025\/09\/PHOTO-2025-06-10-16-34-05-50x100.jpg\" data-in=\"o:0;\" data-out=\"a:false;\">\n\t\t\t\t\t\t\t<img decoding=\"async\" src=\"\/\/www.memoriaestadionacional.cl\/wp-content\/plugins\/revslider\/sr6\/assets\/assets\/dummy.png\" alt=\"\" title=\"\u201cLa memoria como centro de nuestros corazones\u201d: Taller colectivo en torno a la fotograf\u00eda, la memoria y los afectos\" class=\"rev-slidebg tp-rs-img rs-lazyload\" data-lazyload=\"\/\/www.memoriaestadionacional.cl\/wp-content\/uploads\/2025\/09\/PHOTO-2025-06-10-16-34-05.jpg\" data-no-retina>\n<!---->\t\t\t\t\t<\/rs-slide>\n\t\t\t\t\t\t<rs-slide style=\"position: absolute;\" data-key=\"rs-1296\" data-title=\"Slide\" data-thumb=\"\/\/www.memoriaestadionacional.cl\/wp-content\/uploads\/2025\/09\/PHOTO-2025-06-10-19-07-15-scaled-50x100.jpg\" data-in=\"o:0;\" data-out=\"a:false;\">\n\t\t\t\t\t\t\t<img decoding=\"async\" src=\"\/\/www.memoriaestadionacional.cl\/wp-content\/plugins\/revslider\/sr6\/assets\/assets\/dummy.png\" alt=\"\" title=\"\u201cLa memoria como centro de nuestros corazones\u201d: Taller colectivo en torno a la fotograf\u00eda, la memoria y los afectos\" class=\"rev-slidebg tp-rs-img rs-lazyload\" data-lazyload=\"\/\/www.memoriaestadionacional.cl\/wp-content\/uploads\/2025\/09\/PHOTO-2025-06-10-19-07-15-scaled.jpg\" data-no-retina>\n<!---->\t\t\t\t\t<\/rs-slide>\n\t\t\t\t\t\t<rs-slide style=\"position: absolute;\" data-key=\"rs-1297\" data-title=\"Slide\" data-thumb=\"\/\/www.memoriaestadionacional.cl\/wp-content\/uploads\/2025\/09\/PHOTO-2025-06-10-19-07-15-2-scaled-50x100.jpg\" data-in=\"o:0;\" data-out=\"a:false;\">\n\t\t\t\t\t\t\t<img decoding=\"async\" src=\"\/\/www.memoriaestadionacional.cl\/wp-content\/plugins\/revslider\/sr6\/assets\/assets\/dummy.png\" alt=\"\" title=\"\u201cLa memoria como centro de nuestros corazones\u201d: Taller colectivo en torno a la fotograf\u00eda, la memoria y los afectos\" class=\"rev-slidebg tp-rs-img rs-lazyload\" data-lazyload=\"\/\/www.memoriaestadionacional.cl\/wp-content\/uploads\/2025\/09\/PHOTO-2025-06-10-19-07-15-2-scaled.jpg\" data-bg=\"f:contain;\" data-no-retina>\n<!---->\t\t\t\t\t<\/rs-slide>\n\t\t\t\t\t\t<rs-slide style=\"position: absolute;\" data-key=\"rs-1298\" data-title=\"Slide\" data-thumb=\"\/\/www.memoriaestadionacional.cl\/wp-content\/uploads\/2025\/09\/PHOTO-2025-06-10-16-33-42-50x100.jpg\" data-in=\"o:0;\" data-out=\"a:false;\">\n\t\t\t\t\t\t\t<img decoding=\"async\" src=\"\/\/www.memoriaestadionacional.cl\/wp-content\/plugins\/revslider\/sr6\/assets\/assets\/dummy.png\" alt=\"\" title=\"\u201cLa memoria como centro de nuestros corazones\u201d: Taller colectivo en torno a la fotograf\u00eda, la memoria y los afectos\" class=\"rev-slidebg tp-rs-img rs-lazyload\" data-lazyload=\"\/\/www.memoriaestadionacional.cl\/wp-content\/uploads\/2025\/09\/PHOTO-2025-06-10-16-33-42.jpg\" data-no-retina>\n<!---->\t\t\t\t\t<\/rs-slide>\n\t\t\t\t\t<\/rs-slides>\n\t\t\t\t<\/rs-module>\n\t\t\t\t<script>\n\t\t\t\t\tsetREVStartSize({c: 'rev_slider_82_1',rl:[1240,1024,778,480],el:[900],gw:[1240],gh:[900],type:'carousel',justify:'',layout:'fullwidth',mh:\"0\"});if (window.RS_MODULES!==undefined && window.RS_MODULES.modules!==undefined && window.RS_MODULES.modules[\"revslider821\"]!==undefined) {window.RS_MODULES.modules[\"revslider821\"].once = false;window.revapi82 = undefined;if (window.RS_MODULES.checkMinimal!==undefined) window.RS_MODULES.checkMinimal()}\n\t\t\t\t<\/script>\n\t\t\t<\/rs-module-wrap>\n\t\t\t<!-- END REVOLUTION SLIDER -->\n<\/div><\/div><\/div><\/div><\/div>\n<\/div>","protected":false},"excerpt":{"rendered":"El pasado 10 de junio, se realiz\u00f3 en la Sala de Exposiciones de los Sitios de Memoria del Estadio Nacional el taller \u201cLa memoria como&hellip;","protected":false},"author":1,"featured_media":15936,"comment_status":"open","ping_status":"open","sticky":false,"template":"","format":"standard","meta":{"_acf_changed":false,"footnotes":""},"categories":[11],"tags":[],"class_list":["post-15934","post","type-post","status-publish","format-standard","has-post-thumbnail","hentry","category-noticias"],"acf":[],"aioseo_notices":[],"_links":{"self":[{"href":"https:\/\/www.memoriaestadionacional.cl\/en\/wp-json\/wp\/v2\/posts\/15934","targetHints":{"allow":["GET"]}}],"collection":[{"href":"https:\/\/www.memoriaestadionacional.cl\/en\/wp-json\/wp\/v2\/posts"}],"about":[{"href":"https:\/\/www.memoriaestadionacional.cl\/en\/wp-json\/wp\/v2\/types\/post"}],"author":[{"embeddable":true,"href":"https:\/\/www.memoriaestadionacional.cl\/en\/wp-json\/wp\/v2\/users\/1"}],"replies":[{"embeddable":true,"href":"https:\/\/www.memoriaestadionacional.cl\/en\/wp-json\/wp\/v2\/comments?post=15934"}],"version-history":[{"count":3,"href":"https:\/\/www.memoriaestadionacional.cl\/en\/wp-json\/wp\/v2\/posts\/15934\/revisions"}],"predecessor-version":[{"id":15941,"href":"https:\/\/www.memoriaestadionacional.cl\/en\/wp-json\/wp\/v2\/posts\/15934\/revisions\/15941"}],"wp:featuredmedia":[{"embeddable":true,"href":"https:\/\/www.memoriaestadionacional.cl\/en\/wp-json\/wp\/v2\/media\/15936"}],"wp:attachment":[{"href":"https:\/\/www.memoriaestadionacional.cl\/en\/wp-json\/wp\/v2\/media?parent=15934"}],"wp:term":[{"taxonomy":"category","embeddable":true,"href":"https:\/\/www.memoriaestadionacional.cl\/en\/wp-json\/wp\/v2\/categories?post=15934"},{"taxonomy":"post_tag","embeddable":true,"href":"https:\/\/www.memoriaestadionacional.cl\/en\/wp-json\/wp\/v2\/tags?post=15934"}],"curies":[{"name":"wp","href":"https:\/\/api.w.org\/{rel}","templated":true}]}}