{"id":15878,"date":"2025-05-19T23:05:06","date_gmt":"2025-05-19T23:05:06","guid":{"rendered":"https:\/\/www.memoriaestadionacional.cl\/?p=15878"},"modified":"2025-06-04T23:06:34","modified_gmt":"2025-06-04T23:06:34","slug":"acto-de-conmemoracion-de-la-nakba-en-los-sitios-de-memoria-del-estadio-nacional-palestina-resiste","status":"publish","type":"post","link":"https:\/\/www.memoriaestadionacional.cl\/en\/acto-de-conmemoracion-de-la-nakba-en-los-sitios-de-memoria-del-estadio-nacional-palestina-resiste\/","title":{"rendered":"Acto de conmemoraci\u00f3n de la Nakba en los Sitios de Memoria del Estadio Nacional: Palestina Resiste"},"content":{"rendered":"<div class=\"wpb-content-wrapper\"><div class=\"vc-row-container container\"><div class=\"vc_row wpb_row vc_row-fluid\"><div class=\"wpb_column vc_column_container vc_col-sm-12\"><div class=\"vc_column-inner\"><div class=\"wpb_wrapper\">\n\t<div class=\"wpb_text_column wpb_content_element\" >\n\t\t<div class=\"wpb_wrapper\">\n\t\t\t<p>El pasado s\u00e1bado 17 de mayo realizamos el Acto de conmemoraci\u00f3n de la Nakba en la explanada del Sitio de Memoria Camar\u00edn de Mujeres del Estadio Nacional, \u201cPalestina Resiste: 77 a\u00f1os de cat\u00e1strofe, 77 a\u00f1os de resistencia\u201d.<\/p>\n<p>Junto con las organizaciones pro Palestina, de Derechos Humanos y de la sociedad civil de Chile levantamos la voz en un concurrido acto pol\u00edtico-cultural de reivindicaci\u00f3n de la memoria hist\u00f3rica y de la lucha de los pueblos por su autodeterminaci\u00f3n, su derecho a la resistencia y especialmente en rechazo a la masacre que vive hoy el pueblo que vive en la Franja de Gaza.<\/p>\n<p>Durante la jornada, se realizaron talleres de bordado Tatreez, de danza Dabke con Mohamed Baal, y un taller de Bordadoras por Palestina. Adem\u00e1s, hubo puestos de ventas y de difusi\u00f3n de la cultura y la gastronom\u00eda palestina, todo para reunir fondos para continuar con el apoyo a organizaciones y familias de Gaza.<\/p>\n<p>Pese al fr\u00edo y la llovizna, agradecemos a todas las y los compa\u00f1eros que nos acompa\u00f1aron y participaron de esta conmemoraci\u00f3n.<\/p>\n<p>Un especial agradecimiento a las organizaciones que hicieron posible este acto de resistencia y, por supuesto, tambi\u00e9n a los artistas que colaboraron e hicieron de este acto, un momento lleno de emociones a trav\u00e9s de su arte y de su m\u00fasica.<\/p>\n<p>Convocaron a este acto:<\/p>\n<p>Coordinadora por Palestina, Corporaci\u00f3n Estadio Nacional Memoria Nacional, Colectivo \u00d1u\u00f1oa por Palestina Libre, Movimiento BDS Chile, Coordinadora Feminista 8M, Amnist\u00eda Internacional Chile, Colectivo La Mesa Palestina, M\u00e9dicos por Palestina, Coordinadora de Derechos Humanos y Organizaciones Sociales, Mesa de DD.HH. por una Vida Digna, Agrupaci\u00f3n de Familiares de Ejecutadas y Ejecutados Pol\u00edticos, Coordinadora Nacional de Sitios de Memoria, Jud\u00edxs Antisionistas contra la Ocupaci\u00f3n y el Apartheid, Agrupaci\u00f3n Pan y Rosas, Colegio de Psic\u00f3logos y Psic\u00f3logas de Chile, Movimiento por el Agua y los Territorios MAT, y Movimiento Solidaridad.<\/p>\n\n\t\t<\/div>\n\t<\/div>\n<\/div><\/div><\/div><\/div><\/div><div class=\"vc-row-container container\"><div class=\"vc_row wpb_row vc_row-fluid\"><div class=\"wpb_column vc_column_container vc_col-sm-12\"><div class=\"vc_column-inner\"><div class=\"wpb_wrapper\">\n\t\t\t<!-- START Acto Conmemoracio\u0301n de la Nakba  Palestina Resiste REVOLUTION SLIDER 6.7.41 --><p class=\"rs-p-wp-fix\"><\/p>\n\t\t\t<rs-module-wrap id=\"rev_slider_78_1_wrapper\" data-source=\"gallery\" style=\"visibility:hidden;background:transparent;padding:0;margin:0px auto;margin-top:0;margin-bottom:0;\">\n\t\t\t\t<rs-module id=\"rev_slider_78_1\" style=\"\" data-version=\"6.7.41\">\n\t\t\t\t\t<rs-slides style=\"overflow: hidden; position: absolute;\">\n\t\t\t\t\t\t<rs-slide style=\"position: absolute;\" data-key=\"rs-1134\" data-title=\"Slide\" data-thumb=\"\/\/www.memoriaestadionacional.cl\/wp-content\/uploads\/2025\/06\/WhatsApp-Image-2025-05-20-at-10.21.03-1-2-50x100.jpeg\" data-in=\"o:0;\" data-out=\"a:false;\">\n\t\t\t\t\t\t\t<img decoding=\"async\" src=\"\/\/www.memoriaestadionacional.cl\/wp-content\/plugins\/revslider\/sr6\/assets\/assets\/dummy.png\" alt=\"\" title=\"Acto de conmemoraci\u00f3n de la Nakba en los Sitios de Memoria del Estadio Nacional: Palestina Resiste\" class=\"rev-slidebg tp-rs-img rs-lazyload\" data-lazyload=\"\/\/www.memoriaestadionacional.cl\/wp-content\/uploads\/2025\/06\/WhatsApp-Image-2025-05-20-at-10.21.03-1-2.jpeg\" data-no-retina>\n<!---->\t\t\t\t\t<\/rs-slide>\n\t\t\t\t\t\t<rs-slide style=\"position: absolute;\" data-key=\"rs-1135\" data-title=\"Slide\" data-thumb=\"\/\/www.memoriaestadionacional.cl\/wp-content\/uploads\/2025\/06\/WhatsApp-Image-2025-05-20-at-10.21.06-2-50x100.jpeg\" data-in=\"o:0;\" data-out=\"a:false;\">\n\t\t\t\t\t\t\t<img decoding=\"async\" src=\"\/\/www.memoriaestadionacional.cl\/wp-content\/plugins\/revslider\/sr6\/assets\/assets\/dummy.png\" alt=\"\" title=\"Acto de conmemoraci\u00f3n de la Nakba en los Sitios de Memoria del Estadio Nacional: Palestina Resiste\" class=\"rev-slidebg tp-rs-img rs-lazyload\" data-lazyload=\"\/\/www.memoriaestadionacional.cl\/wp-content\/uploads\/2025\/06\/WhatsApp-Image-2025-05-20-at-10.21.06-2.jpeg\" data-no-retina>\n<!---->\t\t\t\t\t<\/rs-slide>\n\t\t\t\t\t\t<rs-slide style=\"position: absolute;\" data-key=\"rs-1136\" data-title=\"Slide\" data-thumb=\"\/\/www.memoriaestadionacional.cl\/wp-content\/uploads\/2025\/06\/WhatsApp-Image-2025-05-20-at-10.21.08-2-50x100.jpeg\" data-in=\"o:0;\" data-out=\"a:false;\">\n\t\t\t\t\t\t\t<img decoding=\"async\" src=\"\/\/www.memoriaestadionacional.cl\/wp-content\/plugins\/revslider\/sr6\/assets\/assets\/dummy.png\" alt=\"\" title=\"Acto de conmemoraci\u00f3n de la Nakba en los Sitios de Memoria del Estadio Nacional: Palestina Resiste\" class=\"rev-slidebg tp-rs-img rs-lazyload\" data-lazyload=\"\/\/www.memoriaestadionacional.cl\/wp-content\/uploads\/2025\/06\/WhatsApp-Image-2025-05-20-at-10.21.08-2.jpeg\" data-no-retina>\n<!---->\t\t\t\t\t<\/rs-slide>\n\t\t\t\t\t\t<rs-slide style=\"position: absolute;\" data-key=\"rs-1137\" data-title=\"Slide\" data-thumb=\"\/\/www.memoriaestadionacional.cl\/wp-content\/uploads\/2025\/06\/WhatsApp-Image-2025-05-20-at-10.22.46-2-scaled-50x100.jpeg\" data-in=\"o:0;\" data-out=\"a:false;\">\n\t\t\t\t\t\t\t<img decoding=\"async\" src=\"\/\/www.memoriaestadionacional.cl\/wp-content\/plugins\/revslider\/sr6\/assets\/assets\/dummy.png\" alt=\"\" title=\"Acto de conmemoraci\u00f3n de la Nakba en los Sitios de Memoria del Estadio Nacional: Palestina Resiste\" class=\"rev-slidebg tp-rs-img rs-lazyload\" data-lazyload=\"\/\/www.memoriaestadionacional.cl\/wp-content\/uploads\/2025\/06\/WhatsApp-Image-2025-05-20-at-10.22.46-2-scaled.jpeg\" data-no-retina>\n<!---->\t\t\t\t\t<\/rs-slide>\n\t\t\t\t\t\t<rs-slide style=\"position: absolute;\" data-key=\"rs-1138\" data-title=\"Slide\" data-thumb=\"\/\/www.memoriaestadionacional.cl\/wp-content\/uploads\/2025\/06\/WhatsApp-Image-2025-05-20-at-10.22.53-2-scaled-50x100.jpeg\" data-in=\"o:0;\" data-out=\"a:false;\">\n\t\t\t\t\t\t\t<img decoding=\"async\" src=\"\/\/www.memoriaestadionacional.cl\/wp-content\/plugins\/revslider\/sr6\/assets\/assets\/dummy.png\" alt=\"\" title=\"Acto de conmemoraci\u00f3n de la Nakba en los Sitios de Memoria del Estadio Nacional: Palestina Resiste\" class=\"rev-slidebg tp-rs-img rs-lazyload\" data-lazyload=\"\/\/www.memoriaestadionacional.cl\/wp-content\/uploads\/2025\/06\/WhatsApp-Image-2025-05-20-at-10.22.53-2-scaled.jpeg\" data-no-retina>\n<!---->\t\t\t\t\t<\/rs-slide>\n\t\t\t\t\t\t<rs-slide style=\"position: absolute;\" data-key=\"rs-1139\" data-title=\"Slide\" data-thumb=\"\/\/www.memoriaestadionacional.cl\/wp-content\/uploads\/2025\/06\/WhatsApp-Image-2025-05-20-at-10.22.56-2-scaled-50x100.jpeg\" data-in=\"o:0;\" data-out=\"a:false;\">\n\t\t\t\t\t\t\t<img decoding=\"async\" src=\"\/\/www.memoriaestadionacional.cl\/wp-content\/plugins\/revslider\/sr6\/assets\/assets\/dummy.png\" alt=\"\" title=\"Acto de conmemoraci\u00f3n de la Nakba en los Sitios de Memoria del Estadio Nacional: Palestina Resiste\" class=\"rev-slidebg tp-rs-img rs-lazyload\" data-lazyload=\"\/\/www.memoriaestadionacional.cl\/wp-content\/uploads\/2025\/06\/WhatsApp-Image-2025-05-20-at-10.22.56-2-scaled.jpeg\" data-no-retina>\n<!---->\t\t\t\t\t<\/rs-slide>\n\t\t\t\t\t\t<rs-slide style=\"position: absolute;\" data-key=\"rs-1140\" data-title=\"Slide\" data-thumb=\"\/\/www.memoriaestadionacional.cl\/wp-content\/uploads\/2025\/06\/WhatsApp-Image-2025-05-20-at-10.23.26-1-2-scaled-50x100.jpeg\" data-in=\"o:0;\" data-out=\"a:false;\">\n\t\t\t\t\t\t\t<img decoding=\"async\" src=\"\/\/www.memoriaestadionacional.cl\/wp-content\/plugins\/revslider\/sr6\/assets\/assets\/dummy.png\" alt=\"\" title=\"Acto de conmemoraci\u00f3n de la Nakba en los Sitios de Memoria del Estadio Nacional: Palestina Resiste\" class=\"rev-slidebg tp-rs-img rs-lazyload\" data-lazyload=\"\/\/www.memoriaestadionacional.cl\/wp-content\/uploads\/2025\/06\/WhatsApp-Image-2025-05-20-at-10.23.26-1-2-scaled.jpeg\" data-no-retina>\n<!---->\t\t\t\t\t<\/rs-slide>\n\t\t\t\t\t\t<rs-slide style=\"position: absolute;\" data-key=\"rs-1141\" data-title=\"Slide\" data-thumb=\"\/\/www.memoriaestadionacional.cl\/wp-content\/uploads\/2025\/06\/WhatsApp-Image-2025-05-20-at-10.23.26-2-scaled-50x100.jpeg\" data-in=\"o:0;\" data-out=\"a:false;\">\n\t\t\t\t\t\t\t<img decoding=\"async\" src=\"\/\/www.memoriaestadionacional.cl\/wp-content\/plugins\/revslider\/sr6\/assets\/assets\/dummy.png\" alt=\"\" title=\"Acto de conmemoraci\u00f3n de la Nakba en los Sitios de Memoria del Estadio Nacional: Palestina Resiste\" class=\"rev-slidebg tp-rs-img rs-lazyload\" data-lazyload=\"\/\/www.memoriaestadionacional.cl\/wp-content\/uploads\/2025\/06\/WhatsApp-Image-2025-05-20-at-10.23.26-2-scaled.jpeg\" data-no-retina>\n<!---->\t\t\t\t\t<\/rs-slide>\n\t\t\t\t\t\t<rs-slide style=\"position: absolute;\" data-key=\"rs-1142\" data-title=\"Slide\" data-thumb=\"\/\/www.memoriaestadionacional.cl\/wp-content\/uploads\/2025\/06\/WhatsApp-Image-2025-05-20-at-10.23.27-2-scaled-50x100.jpeg\" data-in=\"o:0;\" data-out=\"a:false;\">\n\t\t\t\t\t\t\t<img decoding=\"async\" src=\"\/\/www.memoriaestadionacional.cl\/wp-content\/plugins\/revslider\/sr6\/assets\/assets\/dummy.png\" alt=\"\" title=\"Acto de conmemoraci\u00f3n de la Nakba en los Sitios de Memoria del Estadio Nacional: Palestina Resiste\" class=\"rev-slidebg tp-rs-img rs-lazyload\" data-lazyload=\"\/\/www.memoriaestadionacional.cl\/wp-content\/uploads\/2025\/06\/WhatsApp-Image-2025-05-20-at-10.23.27-2-scaled.jpeg\" data-no-retina>\n<!---->\t\t\t\t\t<\/rs-slide>\n\t\t\t\t\t\t<rs-slide style=\"position: absolute;\" data-key=\"rs-1143\" data-title=\"Slide\" data-thumb=\"\/\/www.memoriaestadionacional.cl\/wp-content\/uploads\/2025\/06\/WhatsApp-Image-2025-05-20-at-10.23.28-2-scaled-50x100.jpeg\" data-in=\"o:0;\" data-out=\"a:false;\">\n\t\t\t\t\t\t\t<img decoding=\"async\" src=\"\/\/www.memoriaestadionacional.cl\/wp-content\/plugins\/revslider\/sr6\/assets\/assets\/dummy.png\" alt=\"\" title=\"Acto de conmemoraci\u00f3n de la Nakba en los Sitios de Memoria del Estadio Nacional: Palestina Resiste\" class=\"rev-slidebg tp-rs-img rs-lazyload\" data-lazyload=\"\/\/www.memoriaestadionacional.cl\/wp-content\/uploads\/2025\/06\/WhatsApp-Image-2025-05-20-at-10.23.28-2-scaled.jpeg\" data-no-retina>\n<!---->\t\t\t\t\t<\/rs-slide>\n\t\t\t\t\t\t<rs-slide style=\"position: absolute;\" data-key=\"rs-1144\" data-title=\"Slide\" data-thumb=\"\/\/www.memoriaestadionacional.cl\/wp-content\/uploads\/2025\/06\/WhatsApp-Image-2025-05-20-at-10.23.29-2-scaled-50x100.jpeg\" data-in=\"o:0;\" data-out=\"a:false;\">\n\t\t\t\t\t\t\t<img decoding=\"async\" src=\"\/\/www.memoriaestadionacional.cl\/wp-content\/plugins\/revslider\/sr6\/assets\/assets\/dummy.png\" alt=\"\" title=\"Acto de conmemoraci\u00f3n de la Nakba en los Sitios de Memoria del Estadio Nacional: Palestina Resiste\" class=\"rev-slidebg tp-rs-img rs-lazyload\" data-lazyload=\"\/\/www.memoriaestadionacional.cl\/wp-content\/uploads\/2025\/06\/WhatsApp-Image-2025-05-20-at-10.23.29-2-scaled.jpeg\" data-no-retina>\n<!---->\t\t\t\t\t<\/rs-slide>\n\t\t\t\t\t\t<rs-slide style=\"position: absolute;\" data-key=\"rs-1145\" data-title=\"Slide\" data-thumb=\"\/\/www.memoriaestadionacional.cl\/wp-content\/uploads\/2025\/06\/WhatsApp-Image-2025-05-20-at-10.23.45-2-scaled-50x100.jpeg\" data-in=\"o:0;\" data-out=\"a:false;\">\n\t\t\t\t\t\t\t<img decoding=\"async\" src=\"\/\/www.memoriaestadionacional.cl\/wp-content\/plugins\/revslider\/sr6\/assets\/assets\/dummy.png\" alt=\"\" title=\"Acto de conmemoraci\u00f3n de la Nakba en los Sitios de Memoria del Estadio Nacional: Palestina Resiste\" class=\"rev-slidebg tp-rs-img rs-lazyload\" data-lazyload=\"\/\/www.memoriaestadionacional.cl\/wp-content\/uploads\/2025\/06\/WhatsApp-Image-2025-05-20-at-10.23.45-2-scaled.jpeg\" data-no-retina>\n<!---->\t\t\t\t\t<\/rs-slide>\n\t\t\t\t\t\t<rs-slide style=\"position: absolute;\" data-key=\"rs-1146\" data-title=\"Slide\" data-thumb=\"\/\/www.memoriaestadionacional.cl\/wp-content\/uploads\/2025\/06\/WhatsApp-Image-2025-05-20-at-10.23.46-2-scaled-50x100.jpeg\" data-in=\"o:0;\" data-out=\"a:false;\">\n\t\t\t\t\t\t\t<img decoding=\"async\" src=\"\/\/www.memoriaestadionacional.cl\/wp-content\/plugins\/revslider\/sr6\/assets\/assets\/dummy.png\" alt=\"\" title=\"Acto de conmemoraci\u00f3n de la Nakba en los Sitios de Memoria del Estadio Nacional: Palestina Resiste\" class=\"rev-slidebg tp-rs-img rs-lazyload\" data-lazyload=\"\/\/www.memoriaestadionacional.cl\/wp-content\/uploads\/2025\/06\/WhatsApp-Image-2025-05-20-at-10.23.46-2-scaled.jpeg\" data-no-retina>\n<!---->\t\t\t\t\t<\/rs-slide>\n\t\t\t\t\t\t<rs-slide style=\"position: absolute;\" data-key=\"rs-1147\" data-title=\"Slide\" data-thumb=\"\/\/www.memoriaestadionacional.cl\/wp-content\/uploads\/2025\/06\/WhatsApp-Image-2025-05-20-at-10.23.52-2-scaled-50x100.jpeg\" data-in=\"o:0;\" data-out=\"a:false;\">\n\t\t\t\t\t\t\t<img decoding=\"async\" src=\"\/\/www.memoriaestadionacional.cl\/wp-content\/plugins\/revslider\/sr6\/assets\/assets\/dummy.png\" alt=\"\" title=\"Acto de conmemoraci\u00f3n de la Nakba en los Sitios de Memoria del Estadio Nacional: Palestina Resiste\" class=\"rev-slidebg tp-rs-img rs-lazyload\" data-lazyload=\"\/\/www.memoriaestadionacional.cl\/wp-content\/uploads\/2025\/06\/WhatsApp-Image-2025-05-20-at-10.23.52-2-scaled.jpeg\" data-no-retina>\n<!---->\t\t\t\t\t<\/rs-slide>\n\t\t\t\t\t\t<rs-slide style=\"position: absolute;\" data-key=\"rs-1148\" data-title=\"Slide\" data-thumb=\"\/\/www.memoriaestadionacional.cl\/wp-content\/uploads\/2025\/06\/WhatsApp-Image-2025-05-20-at-10.23.53-2-scaled-50x100.jpeg\" data-in=\"o:0;\" data-out=\"a:false;\">\n\t\t\t\t\t\t\t<img decoding=\"async\" src=\"\/\/www.memoriaestadionacional.cl\/wp-content\/plugins\/revslider\/sr6\/assets\/assets\/dummy.png\" alt=\"\" title=\"Acto de conmemoraci\u00f3n de la Nakba en los Sitios de Memoria del Estadio Nacional: Palestina Resiste\" class=\"rev-slidebg tp-rs-img rs-lazyload\" data-lazyload=\"\/\/www.memoriaestadionacional.cl\/wp-content\/uploads\/2025\/06\/WhatsApp-Image-2025-05-20-at-10.23.53-2-scaled.jpeg\" data-bg=\"f:contain;\" data-no-retina>\n<!---->\t\t\t\t\t<\/rs-slide>\n\t\t\t\t\t\t<rs-slide style=\"position: absolute;\" data-key=\"rs-1149\" data-title=\"Slide\" data-thumb=\"\/\/www.memoriaestadionacional.cl\/wp-content\/uploads\/2025\/06\/WhatsApp-Image-2025-05-20-at-10.24.02-1-2-scaled-50x100.jpeg\" data-in=\"o:0;\" data-out=\"a:false;\">\n\t\t\t\t\t\t\t<img decoding=\"async\" src=\"\/\/www.memoriaestadionacional.cl\/wp-content\/plugins\/revslider\/sr6\/assets\/assets\/dummy.png\" alt=\"\" title=\"Acto de conmemoraci\u00f3n de la Nakba en los Sitios de Memoria del Estadio Nacional: Palestina Resiste\" class=\"rev-slidebg tp-rs-img rs-lazyload\" data-lazyload=\"\/\/www.memoriaestadionacional.cl\/wp-content\/uploads\/2025\/06\/WhatsApp-Image-2025-05-20-at-10.24.02-1-2-scaled.jpeg\" data-no-retina>\n<!---->\t\t\t\t\t<\/rs-slide>\n\t\t\t\t\t\t<rs-slide style=\"position: absolute;\" data-key=\"rs-1150\" data-title=\"Slide\" data-thumb=\"\/\/www.memoriaestadionacional.cl\/wp-content\/uploads\/2025\/06\/WhatsApp-Image-2025-05-20-at-10.24.02-2-scaled-50x100.jpeg\" data-in=\"o:0;\" data-out=\"a:false;\">\n\t\t\t\t\t\t\t<img decoding=\"async\" src=\"\/\/www.memoriaestadionacional.cl\/wp-content\/plugins\/revslider\/sr6\/assets\/assets\/dummy.png\" alt=\"\" title=\"Acto de conmemoraci\u00f3n de la Nakba en los Sitios de Memoria del Estadio Nacional: Palestina Resiste\" class=\"rev-slidebg tp-rs-img rs-lazyload\" data-lazyload=\"\/\/www.memoriaestadionacional.cl\/wp-content\/uploads\/2025\/06\/WhatsApp-Image-2025-05-20-at-10.24.02-2-scaled.jpeg\" data-no-retina>\n<!---->\t\t\t\t\t<\/rs-slide>\n\t\t\t\t\t\t<rs-slide style=\"position: absolute;\" data-key=\"rs-1151\" data-title=\"Slide\" data-thumb=\"\/\/www.memoriaestadionacional.cl\/wp-content\/uploads\/2025\/06\/WhatsApp-Image-2025-05-20-at-10.24.08-1-2-scaled-50x100.jpeg\" data-in=\"o:0;\" data-out=\"a:false;\">\n\t\t\t\t\t\t\t<img decoding=\"async\" src=\"\/\/www.memoriaestadionacional.cl\/wp-content\/plugins\/revslider\/sr6\/assets\/assets\/dummy.png\" alt=\"\" title=\"Acto de conmemoraci\u00f3n de la Nakba en los Sitios de Memoria del Estadio Nacional: Palestina Resiste\" class=\"rev-slidebg tp-rs-img rs-lazyload\" data-lazyload=\"\/\/www.memoriaestadionacional.cl\/wp-content\/uploads\/2025\/06\/WhatsApp-Image-2025-05-20-at-10.24.08-1-2-scaled.jpeg\" data-no-retina>\n<!---->\t\t\t\t\t<\/rs-slide>\n\t\t\t\t\t\t<rs-slide style=\"position: absolute;\" data-key=\"rs-1152\" data-title=\"Slide\" data-thumb=\"\/\/www.memoriaestadionacional.cl\/wp-content\/uploads\/2025\/06\/WhatsApp-Image-2025-05-20-at-10.24.08-2-scaled-50x100.jpeg\" data-in=\"o:0;\" data-out=\"a:false;\">\n\t\t\t\t\t\t\t<img decoding=\"async\" src=\"\/\/www.memoriaestadionacional.cl\/wp-content\/plugins\/revslider\/sr6\/assets\/assets\/dummy.png\" alt=\"\" title=\"Acto de conmemoraci\u00f3n de la Nakba en los Sitios de Memoria del Estadio Nacional: Palestina Resiste\" class=\"rev-slidebg tp-rs-img rs-lazyload\" data-lazyload=\"\/\/www.memoriaestadionacional.cl\/wp-content\/uploads\/2025\/06\/WhatsApp-Image-2025-05-20-at-10.24.08-2-scaled.jpeg\" data-no-retina>\n<!---->\t\t\t\t\t<\/rs-slide>\n\t\t\t\t\t<\/rs-slides>\n\t\t\t\t<\/rs-module>\n\t\t\t\t<script>\n\t\t\t\t\tsetREVStartSize({c: 'rev_slider_78_1',rl:[1240,1024,778,480],el:[900],gw:[1240],gh:[900],type:'carousel',justify:'',layout:'fullwidth',mh:\"0\"});if (window.RS_MODULES!==undefined && window.RS_MODULES.modules!==undefined && window.RS_MODULES.modules[\"revslider781\"]!==undefined) {window.RS_MODULES.modules[\"revslider781\"].once = false;window.revapi78 = undefined;if (window.RS_MODULES.checkMinimal!==undefined) window.RS_MODULES.checkMinimal()}\n\t\t\t\t<\/script>\n\t\t\t<\/rs-module-wrap>\n\t\t\t<!-- END REVOLUTION SLIDER -->\n<\/div><\/div><\/div><\/div><\/div>\n<\/div>","protected":false},"excerpt":{"rendered":"El pasado s\u00e1bado 17 de mayo realizamos el Acto de conmemoraci\u00f3n de la Nakba en la explanada del Sitio de Memoria Camar\u00edn de Mujeres del&hellip;","protected":false},"author":1,"featured_media":15739,"comment_status":"open","ping_status":"open","sticky":false,"template":"","format":"standard","meta":{"_acf_changed":false,"footnotes":""},"categories":[11],"tags":[],"class_list":["post-15878","post","type-post","status-publish","format-standard","has-post-thumbnail","hentry","category-noticias"],"acf":[],"aioseo_notices":[],"_links":{"self":[{"href":"https:\/\/www.memoriaestadionacional.cl\/en\/wp-json\/wp\/v2\/posts\/15878","targetHints":{"allow":["GET"]}}],"collection":[{"href":"https:\/\/www.memoriaestadionacional.cl\/en\/wp-json\/wp\/v2\/posts"}],"about":[{"href":"https:\/\/www.memoriaestadionacional.cl\/en\/wp-json\/wp\/v2\/types\/post"}],"author":[{"embeddable":true,"href":"https:\/\/www.memoriaestadionacional.cl\/en\/wp-json\/wp\/v2\/users\/1"}],"replies":[{"embeddable":true,"href":"https:\/\/www.memoriaestadionacional.cl\/en\/wp-json\/wp\/v2\/comments?post=15878"}],"version-history":[{"count":2,"href":"https:\/\/www.memoriaestadionacional.cl\/en\/wp-json\/wp\/v2\/posts\/15878\/revisions"}],"predecessor-version":[{"id":15880,"href":"https:\/\/www.memoriaestadionacional.cl\/en\/wp-json\/wp\/v2\/posts\/15878\/revisions\/15880"}],"wp:featuredmedia":[{"embeddable":true,"href":"https:\/\/www.memoriaestadionacional.cl\/en\/wp-json\/wp\/v2\/media\/15739"}],"wp:attachment":[{"href":"https:\/\/www.memoriaestadionacional.cl\/en\/wp-json\/wp\/v2\/media?parent=15878"}],"wp:term":[{"taxonomy":"category","embeddable":true,"href":"https:\/\/www.memoriaestadionacional.cl\/en\/wp-json\/wp\/v2\/categories?post=15878"},{"taxonomy":"post_tag","embeddable":true,"href":"https:\/\/www.memoriaestadionacional.cl\/en\/wp-json\/wp\/v2\/tags?post=15878"}],"curies":[{"name":"wp","href":"https:\/\/api.w.org\/{rel}","templated":true}]}}