{"id":15871,"date":"2025-05-26T22:47:43","date_gmt":"2025-05-26T22:47:43","guid":{"rendered":"https:\/\/www.memoriaestadionacional.cl\/?p=15871"},"modified":"2025-06-04T22:50:08","modified_gmt":"2025-06-04T22:50:08","slug":"cerca-de-2-500-personas-visitaron-los-sitios-de-memoria-en-dia-de-los-patrimonios-2025","status":"publish","type":"post","link":"https:\/\/www.memoriaestadionacional.cl\/en\/cerca-de-2-500-personas-visitaron-los-sitios-de-memoria-en-dia-de-los-patrimonios-2025\/","title":{"rendered":"Cerca de 2.500 personas visitaron los Sitios de Memoria en D\u00eda de los Patrimonios 2025"},"content":{"rendered":"<div class=\"wpb-content-wrapper\"><div class=\"vc-row-container container\"><div class=\"vc_row wpb_row vc_row-fluid\"><div class=\"wpb_column vc_column_container vc_col-sm-12\"><div class=\"vc_column-inner\"><div class=\"wpb_wrapper\">\n\t<div class=\"wpb_text_column wpb_content_element\" >\n\t\t<div class=\"wpb_wrapper\">\n\t\t\t<p>Con profunda emoci\u00f3n y alegr\u00eda, finalizamos dos jornadas del D\u00eda de los Patrimonios en los Sitios de Memoria del Estadio Nacional, donde cerca de 2.500 personas recorrieron este espacio de memoria, reflexi\u00f3n y compromiso con los derechos humanos.<\/p>\n<p>El s\u00e1bado 24 de mayo, abrimos nuestras puertas desde las 10:00 horas, dando inicio a los recorridos guiados con una masiva participaci\u00f3n del p\u00fablico general. Tuvimos el honor de recibir a la ministra de Obras P\u00fablicas, Jessica L\u00f3pez; a la ministra de Desarrollo Social y Familia, Javiera Toro; al ministro del Deporte, Jaime Pizarro; y al director del Instituto Nacional del Deporte, Israel Castro. Agradecemos su presencia y el inter\u00e9s demostrado por la memoria hist\u00f3rica viva que aqu\u00ed resguardamos.<\/p>\n<p>Confirmamos as\u00ed que cada vez son m\u00e1s las personas que viven esta fiesta cultural en los Sitios de Memoria del Estadio Nacional, especialmente j\u00f3venes muy interesados en la memoria hist\u00f3rica viva, los testimonios y la historia de nuestro pa\u00eds. La juventud que nos acompa\u00f1a, el presente y el futuro deben ser educados en la promoci\u00f3n de los derechos humanos y son la esperanza de una sociedad m\u00e1s justa.<\/p>\n<p>Nuestro agradecimiento m\u00e1s profundo es para las y los ex prisioneros pol\u00edticos que, una vez m\u00e1s, compartieron sus relatos y experiencias, dotando de sentido y humanidad cada uno de los recorridos. Tambi\u00e9n reconocemos la labor de socios, del equipo de trabajo y de las y los voluntarios que hicieron posible esta jornada con compromiso y dedicaci\u00f3n.<\/p>\n<p>Seguimos trabajando por m\u00e1s memoria, m\u00e1s verdad y siempre promoviendo los derechos humanos.<\/p>\n\n\t\t<\/div>\n\t<\/div>\n<\/div><\/div><\/div><\/div><\/div><div class=\"vc-row-container container\"><div class=\"vc_row wpb_row vc_row-fluid\"><div class=\"wpb_column vc_column_container vc_col-sm-12\"><div class=\"vc_column-inner\"><div class=\"wpb_wrapper\">\n\t\t\t<!-- START D\u00eda de los patrimonios 2025 REVOLUTION SLIDER 6.7.41 --><p class=\"rs-p-wp-fix\"><\/p>\n\t\t\t<rs-module-wrap id=\"rev_slider_79_1_wrapper\" data-source=\"gallery\" style=\"visibility:hidden;background:transparent;padding:0;margin:0px auto;margin-top:0;margin-bottom:0;\">\n\t\t\t\t<rs-module id=\"rev_slider_79_1\" style=\"\" data-version=\"6.7.41\">\n\t\t\t\t\t<rs-slides style=\"overflow: hidden; position: absolute;\">\n\t\t\t\t\t\t<rs-slide style=\"position: absolute;\" data-key=\"rs-1154\" data-title=\"Slide\" data-thumb=\"\/\/www.memoriaestadionacional.cl\/wp-content\/uploads\/2025\/06\/1be9ce55-b425-4b13-95ca-c1b6bbff9f86-50x100.jpg\" data-in=\"o:0;\" data-out=\"a:false;\">\n\t\t\t\t\t\t\t<img decoding=\"async\" src=\"\/\/www.memoriaestadionacional.cl\/wp-content\/plugins\/revslider\/sr6\/assets\/assets\/dummy.png\" alt=\"\" title=\"Cerca de 2.500 personas visitaron los Sitios de Memoria en D\u00eda de los Patrimonios 2025\" class=\"rev-slidebg tp-rs-img rs-lazyload\" data-lazyload=\"\/\/www.memoriaestadionacional.cl\/wp-content\/uploads\/2025\/06\/1be9ce55-b425-4b13-95ca-c1b6bbff9f86.jpg\" data-no-retina>\n<!---->\t\t\t\t\t<\/rs-slide>\n\t\t\t\t\t\t<rs-slide style=\"position: absolute;\" data-key=\"rs-1155\" data-title=\"Slide\" data-thumb=\"\/\/www.memoriaestadionacional.cl\/wp-content\/uploads\/2025\/06\/IMG_2052-50x100.jpg\" data-in=\"o:0;\" data-out=\"a:false;\">\n\t\t\t\t\t\t\t<img decoding=\"async\" src=\"\/\/www.memoriaestadionacional.cl\/wp-content\/plugins\/revslider\/sr6\/assets\/assets\/dummy.png\" alt=\"\" title=\"Cerca de 2.500 personas visitaron los Sitios de Memoria en D\u00eda de los Patrimonios 2025\" class=\"rev-slidebg tp-rs-img rs-lazyload\" data-lazyload=\"\/\/www.memoriaestadionacional.cl\/wp-content\/uploads\/2025\/06\/IMG_2052.jpg\" data-no-retina>\n<!---->\t\t\t\t\t<\/rs-slide>\n\t\t\t\t\t\t<rs-slide style=\"position: absolute;\" data-key=\"rs-1156\" data-title=\"Slide\" data-thumb=\"\/\/www.memoriaestadionacional.cl\/wp-content\/uploads\/2025\/06\/IMG_2051-50x100.jpg\" data-in=\"o:0;\" data-out=\"a:false;\">\n\t\t\t\t\t\t\t<img decoding=\"async\" src=\"\/\/www.memoriaestadionacional.cl\/wp-content\/plugins\/revslider\/sr6\/assets\/assets\/dummy.png\" alt=\"\" title=\"Cerca de 2.500 personas visitaron los Sitios de Memoria en D\u00eda de los Patrimonios 2025\" class=\"rev-slidebg tp-rs-img rs-lazyload\" data-lazyload=\"\/\/www.memoriaestadionacional.cl\/wp-content\/uploads\/2025\/06\/IMG_2051.jpg\" data-no-retina>\n<!---->\t\t\t\t\t<\/rs-slide>\n\t\t\t\t\t\t<rs-slide style=\"position: absolute;\" data-key=\"rs-1157\" data-title=\"Slide\" data-thumb=\"\/\/www.memoriaestadionacional.cl\/wp-content\/uploads\/2025\/06\/IMG_2047-50x100.jpg\" data-in=\"o:0;\" data-out=\"a:false;\">\n\t\t\t\t\t\t\t<img decoding=\"async\" src=\"\/\/www.memoriaestadionacional.cl\/wp-content\/plugins\/revslider\/sr6\/assets\/assets\/dummy.png\" alt=\"\" title=\"Cerca de 2.500 personas visitaron los Sitios de Memoria en D\u00eda de los Patrimonios 2025\" class=\"rev-slidebg tp-rs-img rs-lazyload\" data-lazyload=\"\/\/www.memoriaestadionacional.cl\/wp-content\/uploads\/2025\/06\/IMG_2047.jpg\" data-no-retina>\n<!---->\t\t\t\t\t<\/rs-slide>\n\t\t\t\t\t\t<rs-slide style=\"position: absolute;\" data-key=\"rs-1158\" data-title=\"Slide\" data-thumb=\"\/\/www.memoriaestadionacional.cl\/wp-content\/uploads\/2025\/06\/IMG_2043-50x100.jpg\" data-in=\"o:0;\" data-out=\"a:false;\">\n\t\t\t\t\t\t\t<img decoding=\"async\" src=\"\/\/www.memoriaestadionacional.cl\/wp-content\/plugins\/revslider\/sr6\/assets\/assets\/dummy.png\" alt=\"\" title=\"Cerca de 2.500 personas visitaron los Sitios de Memoria en D\u00eda de los Patrimonios 2025\" class=\"rev-slidebg tp-rs-img rs-lazyload\" data-lazyload=\"\/\/www.memoriaestadionacional.cl\/wp-content\/uploads\/2025\/06\/IMG_2043.jpg\" data-no-retina>\n<!---->\t\t\t\t\t<\/rs-slide>\n\t\t\t\t\t\t<rs-slide style=\"position: absolute;\" data-key=\"rs-1159\" data-title=\"Slide\" data-thumb=\"\/\/www.memoriaestadionacional.cl\/wp-content\/uploads\/2025\/06\/IMG_2039-50x100.jpg\" data-in=\"o:0;\" data-out=\"a:false;\">\n\t\t\t\t\t\t\t<img decoding=\"async\" src=\"\/\/www.memoriaestadionacional.cl\/wp-content\/plugins\/revslider\/sr6\/assets\/assets\/dummy.png\" alt=\"\" title=\"Cerca de 2.500 personas visitaron los Sitios de Memoria en D\u00eda de los Patrimonios 2025\" class=\"rev-slidebg tp-rs-img rs-lazyload\" data-lazyload=\"\/\/www.memoriaestadionacional.cl\/wp-content\/uploads\/2025\/06\/IMG_2039.jpg\" data-no-retina>\n<!---->\t\t\t\t\t<\/rs-slide>\n\t\t\t\t\t\t<rs-slide style=\"position: absolute;\" data-key=\"rs-1160\" data-title=\"Slide\" data-thumb=\"\/\/www.memoriaestadionacional.cl\/wp-content\/uploads\/2025\/06\/IMG_2037-50x100.jpg\" data-in=\"o:0;\" data-out=\"a:false;\">\n\t\t\t\t\t\t\t<img decoding=\"async\" src=\"\/\/www.memoriaestadionacional.cl\/wp-content\/plugins\/revslider\/sr6\/assets\/assets\/dummy.png\" alt=\"\" title=\"Cerca de 2.500 personas visitaron los Sitios de Memoria en D\u00eda de los Patrimonios 2025\" class=\"rev-slidebg tp-rs-img rs-lazyload\" data-lazyload=\"\/\/www.memoriaestadionacional.cl\/wp-content\/uploads\/2025\/06\/IMG_2037.jpg\" data-no-retina>\n<!---->\t\t\t\t\t<\/rs-slide>\n\t\t\t\t\t\t<rs-slide style=\"position: absolute;\" data-key=\"rs-1161\" data-title=\"Slide\" data-thumb=\"\/\/www.memoriaestadionacional.cl\/wp-content\/uploads\/2025\/06\/IMG_2035-50x100.jpg\" data-in=\"o:0;\" data-out=\"a:false;\">\n\t\t\t\t\t\t\t<img decoding=\"async\" src=\"\/\/www.memoriaestadionacional.cl\/wp-content\/plugins\/revslider\/sr6\/assets\/assets\/dummy.png\" alt=\"\" title=\"Cerca de 2.500 personas visitaron los Sitios de Memoria en D\u00eda de los Patrimonios 2025\" class=\"rev-slidebg tp-rs-img rs-lazyload\" data-lazyload=\"\/\/www.memoriaestadionacional.cl\/wp-content\/uploads\/2025\/06\/IMG_2035.jpg\" data-no-retina>\n<!---->\t\t\t\t\t<\/rs-slide>\n\t\t\t\t\t\t<rs-slide style=\"position: absolute;\" data-key=\"rs-1162\" data-title=\"Slide\" data-thumb=\"\/\/www.memoriaestadionacional.cl\/wp-content\/uploads\/2025\/06\/IMG_2028-50x100.jpg\" data-in=\"o:0;\" data-out=\"a:false;\">\n\t\t\t\t\t\t\t<img decoding=\"async\" src=\"\/\/www.memoriaestadionacional.cl\/wp-content\/plugins\/revslider\/sr6\/assets\/assets\/dummy.png\" alt=\"\" title=\"Cerca de 2.500 personas visitaron los Sitios de Memoria en D\u00eda de los Patrimonios 2025\" class=\"rev-slidebg tp-rs-img rs-lazyload\" data-lazyload=\"\/\/www.memoriaestadionacional.cl\/wp-content\/uploads\/2025\/06\/IMG_2028.jpg\" data-no-retina>\n<!---->\t\t\t\t\t<\/rs-slide>\n\t\t\t\t\t\t<rs-slide style=\"position: absolute;\" data-key=\"rs-1163\" data-title=\"Slide\" data-thumb=\"\/\/www.memoriaestadionacional.cl\/wp-content\/uploads\/2025\/06\/IMG_2023-50x100.jpg\" data-in=\"o:0;\" data-out=\"a:false;\">\n\t\t\t\t\t\t\t<img decoding=\"async\" src=\"\/\/www.memoriaestadionacional.cl\/wp-content\/plugins\/revslider\/sr6\/assets\/assets\/dummy.png\" alt=\"\" title=\"Cerca de 2.500 personas visitaron los Sitios de Memoria en D\u00eda de los Patrimonios 2025\" class=\"rev-slidebg tp-rs-img rs-lazyload\" data-lazyload=\"\/\/www.memoriaestadionacional.cl\/wp-content\/uploads\/2025\/06\/IMG_2023.jpg\" data-no-retina>\n<!---->\t\t\t\t\t<\/rs-slide>\n\t\t\t\t\t\t<rs-slide style=\"position: absolute;\" data-key=\"rs-1164\" data-title=\"Slide\" data-thumb=\"\/\/www.memoriaestadionacional.cl\/wp-content\/uploads\/2025\/06\/IMG_2016-50x100.jpg\" data-in=\"o:0;\" data-out=\"a:false;\">\n\t\t\t\t\t\t\t<img decoding=\"async\" src=\"\/\/www.memoriaestadionacional.cl\/wp-content\/plugins\/revslider\/sr6\/assets\/assets\/dummy.png\" alt=\"\" title=\"Cerca de 2.500 personas visitaron los Sitios de Memoria en D\u00eda de los Patrimonios 2025\" class=\"rev-slidebg tp-rs-img rs-lazyload\" data-lazyload=\"\/\/www.memoriaestadionacional.cl\/wp-content\/uploads\/2025\/06\/IMG_2016.jpg\" data-no-retina>\n<!---->\t\t\t\t\t<\/rs-slide>\n\t\t\t\t\t\t<rs-slide style=\"position: absolute;\" data-key=\"rs-1165\" data-title=\"Slide\" data-thumb=\"\/\/www.memoriaestadionacional.cl\/wp-content\/uploads\/2025\/06\/IMG_2015-50x100.jpg\" data-in=\"o:0;\" data-out=\"a:false;\">\n\t\t\t\t\t\t\t<img decoding=\"async\" src=\"\/\/www.memoriaestadionacional.cl\/wp-content\/plugins\/revslider\/sr6\/assets\/assets\/dummy.png\" alt=\"\" title=\"Cerca de 2.500 personas visitaron los Sitios de Memoria en D\u00eda de los Patrimonios 2025\" class=\"rev-slidebg tp-rs-img rs-lazyload\" data-lazyload=\"\/\/www.memoriaestadionacional.cl\/wp-content\/uploads\/2025\/06\/IMG_2015.jpg\" data-no-retina>\n<!---->\t\t\t\t\t<\/rs-slide>\n\t\t\t\t\t\t<rs-slide style=\"position: absolute;\" data-key=\"rs-1166\" data-title=\"Slide\" data-thumb=\"\/\/www.memoriaestadionacional.cl\/wp-content\/uploads\/2025\/06\/IMG_2013-50x100.jpg\" data-in=\"o:0;\" data-out=\"a:false;\">\n\t\t\t\t\t\t\t<img decoding=\"async\" src=\"\/\/www.memoriaestadionacional.cl\/wp-content\/plugins\/revslider\/sr6\/assets\/assets\/dummy.png\" alt=\"\" title=\"Cerca de 2.500 personas visitaron los Sitios de Memoria en D\u00eda de los Patrimonios 2025\" class=\"rev-slidebg tp-rs-img rs-lazyload\" data-lazyload=\"\/\/www.memoriaestadionacional.cl\/wp-content\/uploads\/2025\/06\/IMG_2013.jpg\" data-no-retina>\n<!---->\t\t\t\t\t<\/rs-slide>\n\t\t\t\t\t\t<rs-slide style=\"position: absolute;\" data-key=\"rs-1167\" data-title=\"Slide\" data-thumb=\"\/\/www.memoriaestadionacional.cl\/wp-content\/uploads\/2025\/06\/IMG_2008-50x100.jpg\" data-in=\"o:0;\" data-out=\"a:false;\">\n\t\t\t\t\t\t\t<img decoding=\"async\" src=\"\/\/www.memoriaestadionacional.cl\/wp-content\/plugins\/revslider\/sr6\/assets\/assets\/dummy.png\" alt=\"\" title=\"Cerca de 2.500 personas visitaron los Sitios de Memoria en D\u00eda de los Patrimonios 2025\" class=\"rev-slidebg tp-rs-img rs-lazyload\" data-lazyload=\"\/\/www.memoriaestadionacional.cl\/wp-content\/uploads\/2025\/06\/IMG_2008.jpg\" data-no-retina>\n<!---->\t\t\t\t\t<\/rs-slide>\n\t\t\t\t\t\t<rs-slide style=\"position: absolute;\" data-key=\"rs-1168\" data-title=\"Slide\" data-thumb=\"\/\/www.memoriaestadionacional.cl\/wp-content\/uploads\/2025\/06\/IMG_2007-50x100.jpg\" data-in=\"o:0;\" data-out=\"a:false;\">\n\t\t\t\t\t\t\t<img decoding=\"async\" src=\"\/\/www.memoriaestadionacional.cl\/wp-content\/plugins\/revslider\/sr6\/assets\/assets\/dummy.png\" alt=\"\" title=\"Cerca de 2.500 personas visitaron los Sitios de Memoria en D\u00eda de los Patrimonios 2025\" class=\"rev-slidebg tp-rs-img rs-lazyload\" data-lazyload=\"\/\/www.memoriaestadionacional.cl\/wp-content\/uploads\/2025\/06\/IMG_2007.jpg\" data-no-retina>\n<!---->\t\t\t\t\t<\/rs-slide>\n\t\t\t\t\t\t<rs-slide style=\"position: absolute;\" data-key=\"rs-1169\" data-title=\"Slide\" data-thumb=\"\/\/www.memoriaestadionacional.cl\/wp-content\/uploads\/2025\/06\/IMG_1999-50x100.jpg\" data-in=\"o:0;\" data-out=\"a:false;\">\n\t\t\t\t\t\t\t<img decoding=\"async\" src=\"\/\/www.memoriaestadionacional.cl\/wp-content\/plugins\/revslider\/sr6\/assets\/assets\/dummy.png\" alt=\"\" title=\"Cerca de 2.500 personas visitaron los Sitios de Memoria en D\u00eda de los Patrimonios 2025\" class=\"rev-slidebg tp-rs-img rs-lazyload\" data-lazyload=\"\/\/www.memoriaestadionacional.cl\/wp-content\/uploads\/2025\/06\/IMG_1999.jpg\" data-no-retina>\n<!---->\t\t\t\t\t<\/rs-slide>\n\t\t\t\t\t\t<rs-slide style=\"position: absolute;\" data-key=\"rs-1170\" data-title=\"Slide\" data-thumb=\"\/\/www.memoriaestadionacional.cl\/wp-content\/uploads\/2025\/06\/IMG_1998-50x100.jpg\" data-in=\"o:0;\" data-out=\"a:false;\">\n\t\t\t\t\t\t\t<img decoding=\"async\" src=\"\/\/www.memoriaestadionacional.cl\/wp-content\/plugins\/revslider\/sr6\/assets\/assets\/dummy.png\" alt=\"\" title=\"Cerca de 2.500 personas visitaron los Sitios de Memoria en D\u00eda de los Patrimonios 2025\" class=\"rev-slidebg tp-rs-img rs-lazyload\" data-lazyload=\"\/\/www.memoriaestadionacional.cl\/wp-content\/uploads\/2025\/06\/IMG_1998.jpg\" data-no-retina>\n<!---->\t\t\t\t\t<\/rs-slide>\n\t\t\t\t\t\t<rs-slide style=\"position: absolute;\" data-key=\"rs-1171\" data-title=\"Slide\" data-thumb=\"\/\/www.memoriaestadionacional.cl\/wp-content\/uploads\/2025\/06\/IMG_1994-50x100.jpg\" data-in=\"o:0;\" data-out=\"a:false;\">\n\t\t\t\t\t\t\t<img decoding=\"async\" src=\"\/\/www.memoriaestadionacional.cl\/wp-content\/plugins\/revslider\/sr6\/assets\/assets\/dummy.png\" alt=\"\" title=\"Cerca de 2.500 personas visitaron los Sitios de Memoria en D\u00eda de los Patrimonios 2025\" class=\"rev-slidebg tp-rs-img rs-lazyload\" data-lazyload=\"\/\/www.memoriaestadionacional.cl\/wp-content\/uploads\/2025\/06\/IMG_1994.jpg\" data-no-retina>\n<!---->\t\t\t\t\t<\/rs-slide>\n\t\t\t\t\t\t<rs-slide style=\"position: absolute;\" data-key=\"rs-1172\" data-title=\"Slide\" data-thumb=\"\/\/www.memoriaestadionacional.cl\/wp-content\/uploads\/2025\/06\/IMG_1990-50x100.jpg\" data-in=\"o:0;\" data-out=\"a:false;\">\n\t\t\t\t\t\t\t<img decoding=\"async\" src=\"\/\/www.memoriaestadionacional.cl\/wp-content\/plugins\/revslider\/sr6\/assets\/assets\/dummy.png\" alt=\"\" title=\"Cerca de 2.500 personas visitaron los Sitios de Memoria en D\u00eda de los Patrimonios 2025\" class=\"rev-slidebg tp-rs-img rs-lazyload\" data-lazyload=\"\/\/www.memoriaestadionacional.cl\/wp-content\/uploads\/2025\/06\/IMG_1990.jpg\" data-no-retina>\n<!---->\t\t\t\t\t<\/rs-slide>\n\t\t\t\t\t\t<rs-slide style=\"position: absolute;\" data-key=\"rs-1173\" data-title=\"Slide\" data-thumb=\"\/\/www.memoriaestadionacional.cl\/wp-content\/uploads\/2025\/06\/IMG_1987-50x100.jpg\" data-in=\"o:0;\" data-out=\"a:false;\">\n\t\t\t\t\t\t\t<img decoding=\"async\" src=\"\/\/www.memoriaestadionacional.cl\/wp-content\/plugins\/revslider\/sr6\/assets\/assets\/dummy.png\" alt=\"\" title=\"Cerca de 2.500 personas visitaron los Sitios de Memoria en D\u00eda de los Patrimonios 2025\" class=\"rev-slidebg tp-rs-img rs-lazyload\" data-lazyload=\"\/\/www.memoriaestadionacional.cl\/wp-content\/uploads\/2025\/06\/IMG_1987.jpg\" data-no-retina>\n<!---->\t\t\t\t\t<\/rs-slide>\n\t\t\t\t\t\t<rs-slide style=\"position: absolute;\" data-key=\"rs-1174\" data-title=\"Slide\" data-thumb=\"\/\/www.memoriaestadionacional.cl\/wp-content\/uploads\/2025\/06\/IMG_1984-50x100.jpg\" data-in=\"o:0;\" data-out=\"a:false;\">\n\t\t\t\t\t\t\t<img decoding=\"async\" src=\"\/\/www.memoriaestadionacional.cl\/wp-content\/plugins\/revslider\/sr6\/assets\/assets\/dummy.png\" alt=\"\" title=\"Cerca de 2.500 personas visitaron los Sitios de Memoria en D\u00eda de los Patrimonios 2025\" class=\"rev-slidebg tp-rs-img rs-lazyload\" data-lazyload=\"\/\/www.memoriaestadionacional.cl\/wp-content\/uploads\/2025\/06\/IMG_1984.jpg\" data-no-retina>\n<!---->\t\t\t\t\t<\/rs-slide>\n\t\t\t\t\t\t<rs-slide style=\"position: absolute;\" data-key=\"rs-1175\" data-title=\"Slide\" data-thumb=\"\/\/www.memoriaestadionacional.cl\/wp-content\/uploads\/2025\/06\/IMG_1979-50x100.jpg\" data-in=\"o:0;\" data-out=\"a:false;\">\n\t\t\t\t\t\t\t<img decoding=\"async\" src=\"\/\/www.memoriaestadionacional.cl\/wp-content\/plugins\/revslider\/sr6\/assets\/assets\/dummy.png\" alt=\"\" title=\"Cerca de 2.500 personas visitaron los Sitios de Memoria en D\u00eda de los Patrimonios 2025\" class=\"rev-slidebg tp-rs-img rs-lazyload\" data-lazyload=\"\/\/www.memoriaestadionacional.cl\/wp-content\/uploads\/2025\/06\/IMG_1979.jpg\" data-no-retina>\n<!---->\t\t\t\t\t<\/rs-slide>\n\t\t\t\t\t\t<rs-slide style=\"position: absolute;\" data-key=\"rs-1176\" data-title=\"Slide\" data-thumb=\"\/\/www.memoriaestadionacional.cl\/wp-content\/uploads\/2025\/06\/IMG_1976-50x100.jpg\" data-in=\"o:0;\" data-out=\"a:false;\">\n\t\t\t\t\t\t\t<img decoding=\"async\" src=\"\/\/www.memoriaestadionacional.cl\/wp-content\/plugins\/revslider\/sr6\/assets\/assets\/dummy.png\" alt=\"\" title=\"Cerca de 2.500 personas visitaron los Sitios de Memoria en D\u00eda de los Patrimonios 2025\" class=\"rev-slidebg tp-rs-img rs-lazyload\" data-lazyload=\"\/\/www.memoriaestadionacional.cl\/wp-content\/uploads\/2025\/06\/IMG_1976.jpg\" data-no-retina>\n<!---->\t\t\t\t\t<\/rs-slide>\n\t\t\t\t\t\t<rs-slide style=\"position: absolute;\" data-key=\"rs-1177\" data-title=\"Slide\" data-thumb=\"\/\/www.memoriaestadionacional.cl\/wp-content\/uploads\/2025\/06\/IMG_1975-50x100.jpg\" data-in=\"o:0;\" data-out=\"a:false;\">\n\t\t\t\t\t\t\t<img decoding=\"async\" src=\"\/\/www.memoriaestadionacional.cl\/wp-content\/plugins\/revslider\/sr6\/assets\/assets\/dummy.png\" alt=\"\" title=\"Cerca de 2.500 personas visitaron los Sitios de Memoria en D\u00eda de los Patrimonios 2025\" class=\"rev-slidebg tp-rs-img rs-lazyload\" data-lazyload=\"\/\/www.memoriaestadionacional.cl\/wp-content\/uploads\/2025\/06\/IMG_1975.jpg\" data-no-retina>\n<!---->\t\t\t\t\t<\/rs-slide>\n\t\t\t\t\t\t<rs-slide style=\"position: absolute;\" data-key=\"rs-1178\" data-title=\"Slide\" data-thumb=\"\/\/www.memoriaestadionacional.cl\/wp-content\/uploads\/2025\/06\/IMG_1973-50x100.jpg\" data-in=\"o:0;\" data-out=\"a:false;\">\n\t\t\t\t\t\t\t<img decoding=\"async\" src=\"\/\/www.memoriaestadionacional.cl\/wp-content\/plugins\/revslider\/sr6\/assets\/assets\/dummy.png\" alt=\"\" title=\"Cerca de 2.500 personas visitaron los Sitios de Memoria en D\u00eda de los Patrimonios 2025\" class=\"rev-slidebg tp-rs-img rs-lazyload\" data-lazyload=\"\/\/www.memoriaestadionacional.cl\/wp-content\/uploads\/2025\/06\/IMG_1973.jpg\" data-no-retina>\n<!---->\t\t\t\t\t<\/rs-slide>\n\t\t\t\t\t\t<rs-slide style=\"position: absolute;\" data-key=\"rs-1179\" data-title=\"Slide\" data-thumb=\"\/\/www.memoriaestadionacional.cl\/wp-content\/uploads\/2025\/06\/IMG_1971-50x100.jpg\" data-in=\"o:0;\" data-out=\"a:false;\">\n\t\t\t\t\t\t\t<img decoding=\"async\" src=\"\/\/www.memoriaestadionacional.cl\/wp-content\/plugins\/revslider\/sr6\/assets\/assets\/dummy.png\" alt=\"\" title=\"Cerca de 2.500 personas visitaron los Sitios de Memoria en D\u00eda de los Patrimonios 2025\" class=\"rev-slidebg tp-rs-img rs-lazyload\" data-lazyload=\"\/\/www.memoriaestadionacional.cl\/wp-content\/uploads\/2025\/06\/IMG_1971.jpg\" data-no-retina>\n<!---->\t\t\t\t\t<\/rs-slide>\n\t\t\t\t\t\t<rs-slide style=\"position: absolute;\" data-key=\"rs-1180\" data-title=\"Slide\" data-thumb=\"\/\/www.memoriaestadionacional.cl\/wp-content\/uploads\/2025\/06\/IMG_1969-50x100.jpg\" data-in=\"o:0;\" data-out=\"a:false;\">\n\t\t\t\t\t\t\t<img decoding=\"async\" src=\"\/\/www.memoriaestadionacional.cl\/wp-content\/plugins\/revslider\/sr6\/assets\/assets\/dummy.png\" alt=\"\" title=\"Cerca de 2.500 personas visitaron los Sitios de Memoria en D\u00eda de los Patrimonios 2025\" class=\"rev-slidebg tp-rs-img rs-lazyload\" data-lazyload=\"\/\/www.memoriaestadionacional.cl\/wp-content\/uploads\/2025\/06\/IMG_1969.jpg\" data-no-retina>\n<!---->\t\t\t\t\t<\/rs-slide>\n\t\t\t\t\t\t<rs-slide style=\"position: absolute;\" data-key=\"rs-1181\" data-title=\"Slide\" data-thumb=\"\/\/www.memoriaestadionacional.cl\/wp-content\/uploads\/2025\/06\/IMG_1968-50x100.jpg\" data-in=\"o:0;\" data-out=\"a:false;\">\n\t\t\t\t\t\t\t<img decoding=\"async\" src=\"\/\/www.memoriaestadionacional.cl\/wp-content\/plugins\/revslider\/sr6\/assets\/assets\/dummy.png\" alt=\"\" title=\"Cerca de 2.500 personas visitaron los Sitios de Memoria en D\u00eda de los Patrimonios 2025\" class=\"rev-slidebg tp-rs-img rs-lazyload\" data-lazyload=\"\/\/www.memoriaestadionacional.cl\/wp-content\/uploads\/2025\/06\/IMG_1968.jpg\" data-no-retina>\n<!---->\t\t\t\t\t<\/rs-slide>\n\t\t\t\t\t\t<rs-slide style=\"position: absolute;\" data-key=\"rs-1182\" data-title=\"Slide\" data-thumb=\"\/\/www.memoriaestadionacional.cl\/wp-content\/uploads\/2025\/06\/IMG_1965-50x100.jpg\" data-in=\"o:0;\" data-out=\"a:false;\">\n\t\t\t\t\t\t\t<img decoding=\"async\" src=\"\/\/www.memoriaestadionacional.cl\/wp-content\/plugins\/revslider\/sr6\/assets\/assets\/dummy.png\" alt=\"\" title=\"Cerca de 2.500 personas visitaron los Sitios de Memoria en D\u00eda de los Patrimonios 2025\" class=\"rev-slidebg tp-rs-img rs-lazyload\" data-lazyload=\"\/\/www.memoriaestadionacional.cl\/wp-content\/uploads\/2025\/06\/IMG_1965.jpg\" data-no-retina>\n<!---->\t\t\t\t\t<\/rs-slide>\n\t\t\t\t\t\t<rs-slide style=\"position: absolute;\" data-key=\"rs-1183\" data-title=\"Slide\" data-thumb=\"\/\/www.memoriaestadionacional.cl\/wp-content\/uploads\/2025\/06\/IMG_1963-50x100.jpg\" data-in=\"o:0;\" data-out=\"a:false;\">\n\t\t\t\t\t\t\t<img decoding=\"async\" src=\"\/\/www.memoriaestadionacional.cl\/wp-content\/plugins\/revslider\/sr6\/assets\/assets\/dummy.png\" alt=\"\" title=\"Cerca de 2.500 personas visitaron los Sitios de Memoria en D\u00eda de los Patrimonios 2025\" class=\"rev-slidebg tp-rs-img rs-lazyload\" data-lazyload=\"\/\/www.memoriaestadionacional.cl\/wp-content\/uploads\/2025\/06\/IMG_1963.jpg\" data-no-retina>\n<!---->\t\t\t\t\t<\/rs-slide>\n\t\t\t\t\t\t<rs-slide style=\"position: absolute;\" data-key=\"rs-1184\" data-title=\"Slide\" data-thumb=\"\/\/www.memoriaestadionacional.cl\/wp-content\/uploads\/2025\/06\/IMG_1962-50x100.jpg\" data-in=\"o:0;\" data-out=\"a:false;\">\n\t\t\t\t\t\t\t<img decoding=\"async\" src=\"\/\/www.memoriaestadionacional.cl\/wp-content\/plugins\/revslider\/sr6\/assets\/assets\/dummy.png\" alt=\"\" title=\"Cerca de 2.500 personas visitaron los Sitios de Memoria en D\u00eda de los Patrimonios 2025\" class=\"rev-slidebg tp-rs-img rs-lazyload\" data-lazyload=\"\/\/www.memoriaestadionacional.cl\/wp-content\/uploads\/2025\/06\/IMG_1962.jpg\" data-no-retina>\n<!---->\t\t\t\t\t<\/rs-slide>\n\t\t\t\t\t\t<rs-slide style=\"position: absolute;\" data-key=\"rs-1185\" data-title=\"Slide\" data-thumb=\"\/\/www.memoriaestadionacional.cl\/wp-content\/uploads\/2025\/06\/IMG_1960-50x100.jpg\" data-in=\"o:0;\" data-out=\"a:false;\">\n\t\t\t\t\t\t\t<img decoding=\"async\" src=\"\/\/www.memoriaestadionacional.cl\/wp-content\/plugins\/revslider\/sr6\/assets\/assets\/dummy.png\" alt=\"\" title=\"Cerca de 2.500 personas visitaron los Sitios de Memoria en D\u00eda de los Patrimonios 2025\" class=\"rev-slidebg tp-rs-img rs-lazyload\" data-lazyload=\"\/\/www.memoriaestadionacional.cl\/wp-content\/uploads\/2025\/06\/IMG_1960.jpg\" data-no-retina>\n<!---->\t\t\t\t\t<\/rs-slide>\n\t\t\t\t\t\t<rs-slide style=\"position: absolute;\" data-key=\"rs-1186\" data-title=\"Slide\" data-thumb=\"\/\/www.memoriaestadionacional.cl\/wp-content\/uploads\/2025\/06\/IMG_1958-50x100.jpg\" data-in=\"o:0;\" data-out=\"a:false;\">\n\t\t\t\t\t\t\t<img decoding=\"async\" src=\"\/\/www.memoriaestadionacional.cl\/wp-content\/plugins\/revslider\/sr6\/assets\/assets\/dummy.png\" alt=\"\" title=\"Cerca de 2.500 personas visitaron los Sitios de Memoria en D\u00eda de los Patrimonios 2025\" class=\"rev-slidebg tp-rs-img rs-lazyload\" data-lazyload=\"\/\/www.memoriaestadionacional.cl\/wp-content\/uploads\/2025\/06\/IMG_1958.jpg\" data-no-retina>\n<!---->\t\t\t\t\t<\/rs-slide>\n\t\t\t\t\t\t<rs-slide style=\"position: absolute;\" data-key=\"rs-1187\" data-title=\"Slide\" data-thumb=\"\/\/www.memoriaestadionacional.cl\/wp-content\/uploads\/2025\/06\/IMG_1952-50x100.jpg\" data-in=\"o:0;\" data-out=\"a:false;\">\n\t\t\t\t\t\t\t<img decoding=\"async\" src=\"\/\/www.memoriaestadionacional.cl\/wp-content\/plugins\/revslider\/sr6\/assets\/assets\/dummy.png\" alt=\"\" title=\"Cerca de 2.500 personas visitaron los Sitios de Memoria en D\u00eda de los Patrimonios 2025\" class=\"rev-slidebg tp-rs-img rs-lazyload\" data-lazyload=\"\/\/www.memoriaestadionacional.cl\/wp-content\/uploads\/2025\/06\/IMG_1952.jpg\" data-no-retina>\n<!---->\t\t\t\t\t<\/rs-slide>\n\t\t\t\t\t\t<rs-slide style=\"position: absolute;\" data-key=\"rs-1188\" data-title=\"Slide\" data-thumb=\"\/\/www.memoriaestadionacional.cl\/wp-content\/uploads\/2025\/06\/IMG_1951-50x100.jpg\" data-in=\"o:0;\" data-out=\"a:false;\">\n\t\t\t\t\t\t\t<img decoding=\"async\" src=\"\/\/www.memoriaestadionacional.cl\/wp-content\/plugins\/revslider\/sr6\/assets\/assets\/dummy.png\" alt=\"\" title=\"Cerca de 2.500 personas visitaron los Sitios de Memoria en D\u00eda de los Patrimonios 2025\" class=\"rev-slidebg tp-rs-img rs-lazyload\" data-lazyload=\"\/\/www.memoriaestadionacional.cl\/wp-content\/uploads\/2025\/06\/IMG_1951.jpg\" data-no-retina>\n<!---->\t\t\t\t\t<\/rs-slide>\n\t\t\t\t\t\t<rs-slide style=\"position: absolute;\" data-key=\"rs-1189\" data-title=\"Slide\" data-thumb=\"\/\/www.memoriaestadionacional.cl\/wp-content\/uploads\/2025\/06\/c05258a9-a63b-4c83-8430-1f2139700e56-50x100.jpg\" data-in=\"o:0;\" data-out=\"a:false;\">\n\t\t\t\t\t\t\t<img decoding=\"async\" src=\"\/\/www.memoriaestadionacional.cl\/wp-content\/plugins\/revslider\/sr6\/assets\/assets\/dummy.png\" alt=\"\" title=\"Cerca de 2.500 personas visitaron los Sitios de Memoria en D\u00eda de los Patrimonios 2025\" class=\"rev-slidebg tp-rs-img rs-lazyload\" data-lazyload=\"\/\/www.memoriaestadionacional.cl\/wp-content\/uploads\/2025\/06\/c05258a9-a63b-4c83-8430-1f2139700e56.jpg\" data-no-retina>\n<!---->\t\t\t\t\t<\/rs-slide>\n\t\t\t\t\t\t<rs-slide style=\"position: absolute;\" data-key=\"rs-1190\" data-title=\"Slide\" data-thumb=\"\/\/www.memoriaestadionacional.cl\/wp-content\/uploads\/2025\/06\/b5350618-fc3e-450f-a047-e4d25dc43c83-50x100.jpg\" data-in=\"o:0;\" data-out=\"a:false;\">\n\t\t\t\t\t\t\t<img decoding=\"async\" src=\"\/\/www.memoriaestadionacional.cl\/wp-content\/plugins\/revslider\/sr6\/assets\/assets\/dummy.png\" alt=\"\" title=\"Cerca de 2.500 personas visitaron los Sitios de Memoria en D\u00eda de los Patrimonios 2025\" class=\"rev-slidebg tp-rs-img rs-lazyload\" data-lazyload=\"\/\/www.memoriaestadionacional.cl\/wp-content\/uploads\/2025\/06\/b5350618-fc3e-450f-a047-e4d25dc43c83.jpg\" data-no-retina>\n<!---->\t\t\t\t\t<\/rs-slide>\n\t\t\t\t\t\t<rs-slide style=\"position: absolute;\" data-key=\"rs-1191\" data-title=\"Slide\" data-thumb=\"\/\/www.memoriaestadionacional.cl\/wp-content\/uploads\/2025\/06\/b2c9346f-4140-4f1a-9284-9a75ce31c02c-50x100.jpg\" data-in=\"o:0;\" data-out=\"a:false;\">\n\t\t\t\t\t\t\t<img decoding=\"async\" src=\"\/\/www.memoriaestadionacional.cl\/wp-content\/plugins\/revslider\/sr6\/assets\/assets\/dummy.png\" alt=\"\" title=\"Cerca de 2.500 personas visitaron los Sitios de Memoria en D\u00eda de los Patrimonios 2025\" class=\"rev-slidebg tp-rs-img rs-lazyload\" data-lazyload=\"\/\/www.memoriaestadionacional.cl\/wp-content\/uploads\/2025\/06\/b2c9346f-4140-4f1a-9284-9a75ce31c02c.jpg\" data-no-retina>\n<!---->\t\t\t\t\t<\/rs-slide>\n\t\t\t\t\t\t<rs-slide style=\"position: absolute;\" data-key=\"rs-1192\" data-title=\"Slide\" data-thumb=\"\/\/www.memoriaestadionacional.cl\/wp-content\/uploads\/2025\/06\/ae03864b-caf2-43e8-b7a5-4afb79fe7130-50x100.jpg\" data-in=\"o:0;\" data-out=\"a:false;\">\n\t\t\t\t\t\t\t<img decoding=\"async\" src=\"\/\/www.memoriaestadionacional.cl\/wp-content\/plugins\/revslider\/sr6\/assets\/assets\/dummy.png\" alt=\"\" title=\"Cerca de 2.500 personas visitaron los Sitios de Memoria en D\u00eda de los Patrimonios 2025\" class=\"rev-slidebg tp-rs-img rs-lazyload\" data-lazyload=\"\/\/www.memoriaestadionacional.cl\/wp-content\/uploads\/2025\/06\/ae03864b-caf2-43e8-b7a5-4afb79fe7130.jpg\" data-no-retina>\n<!---->\t\t\t\t\t<\/rs-slide>\n\t\t\t\t\t\t<rs-slide style=\"position: absolute;\" data-key=\"rs-1193\" data-title=\"Slide\" data-thumb=\"\/\/www.memoriaestadionacional.cl\/wp-content\/uploads\/2025\/06\/6141f270-5c09-4d7f-9bdf-bfd1801b11fa-50x100.jpg\" data-in=\"o:0;\" data-out=\"a:false;\">\n\t\t\t\t\t\t\t<img decoding=\"async\" src=\"\/\/www.memoriaestadionacional.cl\/wp-content\/plugins\/revslider\/sr6\/assets\/assets\/dummy.png\" alt=\"\" title=\"Cerca de 2.500 personas visitaron los Sitios de Memoria en D\u00eda de los Patrimonios 2025\" class=\"rev-slidebg tp-rs-img rs-lazyload\" data-lazyload=\"\/\/www.memoriaestadionacional.cl\/wp-content\/uploads\/2025\/06\/6141f270-5c09-4d7f-9bdf-bfd1801b11fa.jpg\" data-no-retina>\n<!---->\t\t\t\t\t<\/rs-slide>\n\t\t\t\t\t\t<rs-slide style=\"position: absolute;\" data-key=\"rs-1194\" data-title=\"Slide\" data-thumb=\"\/\/www.memoriaestadionacional.cl\/wp-content\/uploads\/2025\/06\/922de758-734f-462f-a364-8bbdfd3c949e-50x100.jpg\" data-in=\"o:0;\" data-out=\"a:false;\">\n\t\t\t\t\t\t\t<img decoding=\"async\" src=\"\/\/www.memoriaestadionacional.cl\/wp-content\/plugins\/revslider\/sr6\/assets\/assets\/dummy.png\" alt=\"\" title=\"Cerca de 2.500 personas visitaron los Sitios de Memoria en D\u00eda de los Patrimonios 2025\" class=\"rev-slidebg tp-rs-img rs-lazyload\" data-lazyload=\"\/\/www.memoriaestadionacional.cl\/wp-content\/uploads\/2025\/06\/922de758-734f-462f-a364-8bbdfd3c949e.jpg\" data-no-retina>\n<!---->\t\t\t\t\t<\/rs-slide>\n\t\t\t\t\t\t<rs-slide style=\"position: absolute;\" data-key=\"rs-1195\" data-title=\"Slide\" data-thumb=\"\/\/www.memoriaestadionacional.cl\/wp-content\/uploads\/2025\/06\/95c6b22b-249c-4cdd-b05b-260bd6b0577f-50x100.jpg\" data-in=\"o:0;\" data-out=\"a:false;\">\n\t\t\t\t\t\t\t<img decoding=\"async\" src=\"\/\/www.memoriaestadionacional.cl\/wp-content\/plugins\/revslider\/sr6\/assets\/assets\/dummy.png\" alt=\"\" title=\"Cerca de 2.500 personas visitaron los Sitios de Memoria en D\u00eda de los Patrimonios 2025\" class=\"rev-slidebg tp-rs-img rs-lazyload\" data-lazyload=\"\/\/www.memoriaestadionacional.cl\/wp-content\/uploads\/2025\/06\/95c6b22b-249c-4cdd-b05b-260bd6b0577f.jpg\" data-no-retina>\n<!---->\t\t\t\t\t<\/rs-slide>\n\t\t\t\t\t\t<rs-slide style=\"position: absolute;\" data-key=\"rs-1196\" data-title=\"Slide\" data-thumb=\"\/\/www.memoriaestadionacional.cl\/wp-content\/uploads\/2025\/06\/39b88e4a-0617-4a24-9352-d1299a592db6-50x100.jpg\" data-in=\"o:0;\" data-out=\"a:false;\">\n\t\t\t\t\t\t\t<img decoding=\"async\" src=\"\/\/www.memoriaestadionacional.cl\/wp-content\/plugins\/revslider\/sr6\/assets\/assets\/dummy.png\" alt=\"\" title=\"Cerca de 2.500 personas visitaron los Sitios de Memoria en D\u00eda de los Patrimonios 2025\" class=\"rev-slidebg tp-rs-img rs-lazyload\" data-lazyload=\"\/\/www.memoriaestadionacional.cl\/wp-content\/uploads\/2025\/06\/39b88e4a-0617-4a24-9352-d1299a592db6.jpg\" data-no-retina>\n<!---->\t\t\t\t\t<\/rs-slide>\n\t\t\t\t\t\t<rs-slide style=\"position: absolute;\" data-key=\"rs-1197\" data-title=\"Slide\" data-thumb=\"\/\/www.memoriaestadionacional.cl\/wp-content\/uploads\/2025\/06\/9ef00914-a793-4a03-b3e9-089e3bb04c23-50x100.jpg\" data-in=\"o:0;\" data-out=\"a:false;\">\n\t\t\t\t\t\t\t<img decoding=\"async\" src=\"\/\/www.memoriaestadionacional.cl\/wp-content\/plugins\/revslider\/sr6\/assets\/assets\/dummy.png\" alt=\"\" title=\"Cerca de 2.500 personas visitaron los Sitios de Memoria en D\u00eda de los Patrimonios 2025\" class=\"rev-slidebg tp-rs-img rs-lazyload\" data-lazyload=\"\/\/www.memoriaestadionacional.cl\/wp-content\/uploads\/2025\/06\/9ef00914-a793-4a03-b3e9-089e3bb04c23.jpg\" data-no-retina>\n<!---->\t\t\t\t\t<\/rs-slide>\n\t\t\t\t\t\t<rs-slide style=\"position: absolute;\" data-key=\"rs-1198\" data-title=\"Slide\" data-thumb=\"\/\/www.memoriaestadionacional.cl\/wp-content\/uploads\/2025\/06\/9de203b3-39ca-45a2-9adc-56134f1f1cbc-50x100.jpg\" data-in=\"o:0;\" data-out=\"a:false;\">\n\t\t\t\t\t\t\t<img decoding=\"async\" src=\"\/\/www.memoriaestadionacional.cl\/wp-content\/plugins\/revslider\/sr6\/assets\/assets\/dummy.png\" alt=\"\" title=\"Cerca de 2.500 personas visitaron los Sitios de Memoria en D\u00eda de los Patrimonios 2025\" class=\"rev-slidebg tp-rs-img rs-lazyload\" data-lazyload=\"\/\/www.memoriaestadionacional.cl\/wp-content\/uploads\/2025\/06\/9de203b3-39ca-45a2-9adc-56134f1f1cbc.jpg\" data-no-retina>\n<!---->\t\t\t\t\t<\/rs-slide>\n\t\t\t\t\t\t<rs-slide style=\"position: absolute;\" data-key=\"rs-1199\" data-title=\"Slide\" data-thumb=\"\/\/www.memoriaestadionacional.cl\/wp-content\/uploads\/2025\/06\/8c0a32ec-f0a3-483e-9c9d-711a74bb174a-50x100.jpg\" data-in=\"o:0;\" data-out=\"a:false;\">\n\t\t\t\t\t\t\t<img decoding=\"async\" src=\"\/\/www.memoriaestadionacional.cl\/wp-content\/plugins\/revslider\/sr6\/assets\/assets\/dummy.png\" alt=\"\" title=\"Cerca de 2.500 personas visitaron los Sitios de Memoria en D\u00eda de los Patrimonios 2025\" class=\"rev-slidebg tp-rs-img rs-lazyload\" data-lazyload=\"\/\/www.memoriaestadionacional.cl\/wp-content\/uploads\/2025\/06\/8c0a32ec-f0a3-483e-9c9d-711a74bb174a.jpg\" data-no-retina>\n<!---->\t\t\t\t\t<\/rs-slide>\n\t\t\t\t\t\t<rs-slide style=\"position: absolute;\" data-key=\"rs-1200\" data-title=\"Slide\" data-thumb=\"\/\/www.memoriaestadionacional.cl\/wp-content\/uploads\/2025\/06\/IMG_2053-50x100.jpg\" data-in=\"o:0;\" data-out=\"a:false;\">\n\t\t\t\t\t\t\t<img decoding=\"async\" src=\"\/\/www.memoriaestadionacional.cl\/wp-content\/plugins\/revslider\/sr6\/assets\/assets\/dummy.png\" alt=\"\" title=\"Cerca de 2.500 personas visitaron los Sitios de Memoria en D\u00eda de los Patrimonios 2025\" class=\"rev-slidebg tp-rs-img rs-lazyload\" data-lazyload=\"\/\/www.memoriaestadionacional.cl\/wp-content\/uploads\/2025\/06\/IMG_2053.jpg\" data-no-retina>\n<!---->\t\t\t\t\t<\/rs-slide>\n\t\t\t\t\t\t<rs-slide style=\"position: absolute;\" data-key=\"rs-1201\" data-title=\"Slide\" data-thumb=\"\/\/www.memoriaestadionacional.cl\/wp-content\/uploads\/2025\/06\/IMG_9490-50x100.jpg\" data-in=\"o:0;\" data-out=\"a:false;\">\n\t\t\t\t\t\t\t<img decoding=\"async\" src=\"\/\/www.memoriaestadionacional.cl\/wp-content\/plugins\/revslider\/sr6\/assets\/assets\/dummy.png\" alt=\"\" title=\"Cerca de 2.500 personas visitaron los Sitios de Memoria en D\u00eda de los Patrimonios 2025\" class=\"rev-slidebg tp-rs-img rs-lazyload\" data-lazyload=\"\/\/www.memoriaestadionacional.cl\/wp-content\/uploads\/2025\/06\/IMG_9490.jpg\" data-no-retina>\n<!---->\t\t\t\t\t<\/rs-slide>\n\t\t\t\t\t\t<rs-slide style=\"position: absolute;\" data-key=\"rs-1202\" data-title=\"Slide\" data-thumb=\"\/\/www.memoriaestadionacional.cl\/wp-content\/uploads\/2025\/06\/IMG_94891-50x100.jpg\" data-in=\"o:0;\" data-out=\"a:false;\">\n\t\t\t\t\t\t\t<img decoding=\"async\" src=\"\/\/www.memoriaestadionacional.cl\/wp-content\/plugins\/revslider\/sr6\/assets\/assets\/dummy.png\" alt=\"\" title=\"Cerca de 2.500 personas visitaron los Sitios de Memoria en D\u00eda de los Patrimonios 2025\" class=\"rev-slidebg tp-rs-img rs-lazyload\" data-lazyload=\"\/\/www.memoriaestadionacional.cl\/wp-content\/uploads\/2025\/06\/IMG_94891.jpg\" data-no-retina>\n<!---->\t\t\t\t\t<\/rs-slide>\n\t\t\t\t\t\t<rs-slide style=\"position: absolute;\" data-key=\"rs-1203\" data-title=\"Slide\" data-thumb=\"\/\/www.memoriaestadionacional.cl\/wp-content\/uploads\/2025\/06\/IMG_9488-50x100.jpg\" data-in=\"o:0;\" data-out=\"a:false;\">\n\t\t\t\t\t\t\t<img decoding=\"async\" src=\"\/\/www.memoriaestadionacional.cl\/wp-content\/plugins\/revslider\/sr6\/assets\/assets\/dummy.png\" alt=\"\" title=\"Cerca de 2.500 personas visitaron los Sitios de Memoria en D\u00eda de los Patrimonios 2025\" class=\"rev-slidebg tp-rs-img rs-lazyload\" data-lazyload=\"\/\/www.memoriaestadionacional.cl\/wp-content\/uploads\/2025\/06\/IMG_9488.jpg\" data-no-retina>\n<!---->\t\t\t\t\t<\/rs-slide>\n\t\t\t\t\t\t<rs-slide style=\"position: absolute;\" data-key=\"rs-1204\" data-title=\"Slide\" data-thumb=\"\/\/www.memoriaestadionacional.cl\/wp-content\/uploads\/2025\/06\/IMG_9487-50x100.jpg\" data-in=\"o:0;\" data-out=\"a:false;\">\n\t\t\t\t\t\t\t<img decoding=\"async\" src=\"\/\/www.memoriaestadionacional.cl\/wp-content\/plugins\/revslider\/sr6\/assets\/assets\/dummy.png\" alt=\"\" title=\"Cerca de 2.500 personas visitaron los Sitios de Memoria en D\u00eda de los Patrimonios 2025\" class=\"rev-slidebg tp-rs-img rs-lazyload\" data-lazyload=\"\/\/www.memoriaestadionacional.cl\/wp-content\/uploads\/2025\/06\/IMG_9487.jpg\" data-no-retina>\n<!---->\t\t\t\t\t<\/rs-slide>\n\t\t\t\t\t\t<rs-slide style=\"position: absolute;\" data-key=\"rs-1205\" data-title=\"Slide\" data-thumb=\"\/\/www.memoriaestadionacional.cl\/wp-content\/uploads\/2025\/06\/IMG_94841-50x100.jpg\" data-in=\"o:0;\" data-out=\"a:false;\">\n\t\t\t\t\t\t\t<img decoding=\"async\" src=\"\/\/www.memoriaestadionacional.cl\/wp-content\/plugins\/revslider\/sr6\/assets\/assets\/dummy.png\" alt=\"\" title=\"Cerca de 2.500 personas visitaron los Sitios de Memoria en D\u00eda de los Patrimonios 2025\" class=\"rev-slidebg tp-rs-img rs-lazyload\" data-lazyload=\"\/\/www.memoriaestadionacional.cl\/wp-content\/uploads\/2025\/06\/IMG_94841.jpg\" data-no-retina>\n<!---->\t\t\t\t\t<\/rs-slide>\n\t\t\t\t\t\t<rs-slide style=\"position: absolute;\" data-key=\"rs-1206\" data-title=\"Slide\" data-thumb=\"\/\/www.memoriaestadionacional.cl\/wp-content\/uploads\/2025\/06\/IMG_9483-50x100.jpg\" data-in=\"o:0;\" data-out=\"a:false;\">\n\t\t\t\t\t\t\t<img decoding=\"async\" src=\"\/\/www.memoriaestadionacional.cl\/wp-content\/plugins\/revslider\/sr6\/assets\/assets\/dummy.png\" alt=\"\" title=\"Cerca de 2.500 personas visitaron los Sitios de Memoria en D\u00eda de los Patrimonios 2025\" class=\"rev-slidebg tp-rs-img rs-lazyload\" data-lazyload=\"\/\/www.memoriaestadionacional.cl\/wp-content\/uploads\/2025\/06\/IMG_9483.jpg\" data-no-retina>\n<!---->\t\t\t\t\t<\/rs-slide>\n\t\t\t\t\t\t<rs-slide style=\"position: absolute;\" data-key=\"rs-1207\" data-title=\"Slide\" data-thumb=\"\/\/www.memoriaestadionacional.cl\/wp-content\/uploads\/2025\/06\/IMG_9482-50x100.jpg\" data-in=\"o:0;\" data-out=\"a:false;\">\n\t\t\t\t\t\t\t<img decoding=\"async\" src=\"\/\/www.memoriaestadionacional.cl\/wp-content\/plugins\/revslider\/sr6\/assets\/assets\/dummy.png\" alt=\"\" title=\"Cerca de 2.500 personas visitaron los Sitios de Memoria en D\u00eda de los Patrimonios 2025\" class=\"rev-slidebg tp-rs-img rs-lazyload\" data-lazyload=\"\/\/www.memoriaestadionacional.cl\/wp-content\/uploads\/2025\/06\/IMG_9482.jpg\" data-no-retina>\n<!---->\t\t\t\t\t<\/rs-slide>\n\t\t\t\t\t\t<rs-slide style=\"position: absolute;\" data-key=\"rs-1208\" data-title=\"Slide\" data-thumb=\"\/\/www.memoriaestadionacional.cl\/wp-content\/uploads\/2025\/06\/IMG_94811-50x100.jpg\" data-in=\"o:0;\" data-out=\"a:false;\">\n\t\t\t\t\t\t\t<img decoding=\"async\" src=\"\/\/www.memoriaestadionacional.cl\/wp-content\/plugins\/revslider\/sr6\/assets\/assets\/dummy.png\" alt=\"\" title=\"Cerca de 2.500 personas visitaron los Sitios de Memoria en D\u00eda de los Patrimonios 2025\" class=\"rev-slidebg tp-rs-img rs-lazyload\" data-lazyload=\"\/\/www.memoriaestadionacional.cl\/wp-content\/uploads\/2025\/06\/IMG_94811.jpg\" data-no-retina>\n<!---->\t\t\t\t\t<\/rs-slide>\n\t\t\t\t\t\t<rs-slide style=\"position: absolute;\" data-key=\"rs-1209\" data-title=\"Slide\" data-thumb=\"\/\/www.memoriaestadionacional.cl\/wp-content\/uploads\/2025\/06\/IMG_9478-50x100.jpg\" data-in=\"o:0;\" data-out=\"a:false;\">\n\t\t\t\t\t\t\t<img decoding=\"async\" src=\"\/\/www.memoriaestadionacional.cl\/wp-content\/plugins\/revslider\/sr6\/assets\/assets\/dummy.png\" alt=\"\" title=\"Cerca de 2.500 personas visitaron los Sitios de Memoria en D\u00eda de los Patrimonios 2025\" class=\"rev-slidebg tp-rs-img rs-lazyload\" data-lazyload=\"\/\/www.memoriaestadionacional.cl\/wp-content\/uploads\/2025\/06\/IMG_9478.jpg\" data-no-retina>\n<!---->\t\t\t\t\t<\/rs-slide>\n\t\t\t\t\t\t<rs-slide style=\"position: absolute;\" data-key=\"rs-1210\" data-title=\"Slide\" data-thumb=\"\/\/www.memoriaestadionacional.cl\/wp-content\/uploads\/2025\/06\/IMG_9474-50x100.jpg\" data-in=\"o:0;\" data-out=\"a:false;\">\n\t\t\t\t\t\t\t<img decoding=\"async\" src=\"\/\/www.memoriaestadionacional.cl\/wp-content\/plugins\/revslider\/sr6\/assets\/assets\/dummy.png\" alt=\"\" title=\"Cerca de 2.500 personas visitaron los Sitios de Memoria en D\u00eda de los Patrimonios 2025\" class=\"rev-slidebg tp-rs-img rs-lazyload\" data-lazyload=\"\/\/www.memoriaestadionacional.cl\/wp-content\/uploads\/2025\/06\/IMG_9474.jpg\" data-no-retina>\n<!---->\t\t\t\t\t<\/rs-slide>\n\t\t\t\t\t\t<rs-slide style=\"position: absolute;\" data-key=\"rs-1211\" data-title=\"Slide\" data-thumb=\"\/\/www.memoriaestadionacional.cl\/wp-content\/uploads\/2025\/06\/IMG_94731-50x100.jpg\" data-in=\"o:0;\" data-out=\"a:false;\">\n\t\t\t\t\t\t\t<img decoding=\"async\" src=\"\/\/www.memoriaestadionacional.cl\/wp-content\/plugins\/revslider\/sr6\/assets\/assets\/dummy.png\" alt=\"\" title=\"Cerca de 2.500 personas visitaron los Sitios de Memoria en D\u00eda de los Patrimonios 2025\" class=\"rev-slidebg tp-rs-img rs-lazyload\" data-lazyload=\"\/\/www.memoriaestadionacional.cl\/wp-content\/uploads\/2025\/06\/IMG_94731.jpg\" data-no-retina>\n<!---->\t\t\t\t\t<\/rs-slide>\n\t\t\t\t\t\t<rs-slide style=\"position: absolute;\" data-key=\"rs-1212\" data-title=\"Slide\" data-thumb=\"\/\/www.memoriaestadionacional.cl\/wp-content\/uploads\/2025\/06\/IMG_94701-50x100.jpg\" data-in=\"o:0;\" data-out=\"a:false;\">\n\t\t\t\t\t\t\t<img decoding=\"async\" src=\"\/\/www.memoriaestadionacional.cl\/wp-content\/plugins\/revslider\/sr6\/assets\/assets\/dummy.png\" alt=\"\" title=\"Cerca de 2.500 personas visitaron los Sitios de Memoria en D\u00eda de los Patrimonios 2025\" class=\"rev-slidebg tp-rs-img rs-lazyload\" data-lazyload=\"\/\/www.memoriaestadionacional.cl\/wp-content\/uploads\/2025\/06\/IMG_94701.jpg\" data-no-retina>\n<!---->\t\t\t\t\t<\/rs-slide>\n\t\t\t\t\t\t<rs-slide style=\"position: absolute;\" data-key=\"rs-1213\" data-title=\"Slide\" data-thumb=\"\/\/www.memoriaestadionacional.cl\/wp-content\/uploads\/2025\/06\/IMG_9470-50x100.jpg\" data-in=\"o:0;\" data-out=\"a:false;\">\n\t\t\t\t\t\t\t<img decoding=\"async\" src=\"\/\/www.memoriaestadionacional.cl\/wp-content\/plugins\/revslider\/sr6\/assets\/assets\/dummy.png\" alt=\"\" title=\"Cerca de 2.500 personas visitaron los Sitios de Memoria en D\u00eda de los Patrimonios 2025\" class=\"rev-slidebg tp-rs-img rs-lazyload\" data-lazyload=\"\/\/www.memoriaestadionacional.cl\/wp-content\/uploads\/2025\/06\/IMG_9470.jpg\" data-no-retina>\n<!---->\t\t\t\t\t<\/rs-slide>\n\t\t\t\t\t\t<rs-slide style=\"position: absolute;\" data-key=\"rs-1214\" data-title=\"Slide\" data-thumb=\"\/\/www.memoriaestadionacional.cl\/wp-content\/uploads\/2025\/06\/IMG_9469-50x100.jpg\" data-in=\"o:0;\" data-out=\"a:false;\">\n\t\t\t\t\t\t\t<img decoding=\"async\" src=\"\/\/www.memoriaestadionacional.cl\/wp-content\/plugins\/revslider\/sr6\/assets\/assets\/dummy.png\" alt=\"\" title=\"Cerca de 2.500 personas visitaron los Sitios de Memoria en D\u00eda de los Patrimonios 2025\" class=\"rev-slidebg tp-rs-img rs-lazyload\" data-lazyload=\"\/\/www.memoriaestadionacional.cl\/wp-content\/uploads\/2025\/06\/IMG_9469.jpg\" data-no-retina>\n<!---->\t\t\t\t\t<\/rs-slide>\n\t\t\t\t\t\t<rs-slide style=\"position: absolute;\" data-key=\"rs-1215\" data-title=\"Slide\" data-thumb=\"\/\/www.memoriaestadionacional.cl\/wp-content\/uploads\/2025\/06\/IMG_9463-50x100.jpg\" data-in=\"o:0;\" data-out=\"a:false;\">\n\t\t\t\t\t\t\t<img decoding=\"async\" src=\"\/\/www.memoriaestadionacional.cl\/wp-content\/plugins\/revslider\/sr6\/assets\/assets\/dummy.png\" alt=\"\" title=\"Cerca de 2.500 personas visitaron los Sitios de Memoria en D\u00eda de los Patrimonios 2025\" class=\"rev-slidebg tp-rs-img rs-lazyload\" data-lazyload=\"\/\/www.memoriaestadionacional.cl\/wp-content\/uploads\/2025\/06\/IMG_9463.jpg\" data-no-retina>\n<!---->\t\t\t\t\t<\/rs-slide>\n\t\t\t\t\t\t<rs-slide style=\"position: absolute;\" data-key=\"rs-1216\" data-title=\"Slide\" data-thumb=\"\/\/www.memoriaestadionacional.cl\/wp-content\/uploads\/2025\/06\/IMG_9462-50x100.jpg\" data-in=\"o:0;\" data-out=\"a:false;\">\n\t\t\t\t\t\t\t<img decoding=\"async\" src=\"\/\/www.memoriaestadionacional.cl\/wp-content\/plugins\/revslider\/sr6\/assets\/assets\/dummy.png\" alt=\"\" title=\"Cerca de 2.500 personas visitaron los Sitios de Memoria en D\u00eda de los Patrimonios 2025\" class=\"rev-slidebg tp-rs-img rs-lazyload\" data-lazyload=\"\/\/www.memoriaestadionacional.cl\/wp-content\/uploads\/2025\/06\/IMG_9462.jpg\" data-no-retina>\n<!---->\t\t\t\t\t<\/rs-slide>\n\t\t\t\t\t\t<rs-slide style=\"position: absolute;\" data-key=\"rs-1217\" data-title=\"Slide\" data-thumb=\"\/\/www.memoriaestadionacional.cl\/wp-content\/uploads\/2025\/06\/IMG_9461-50x100.jpg\" data-in=\"o:0;\" data-out=\"a:false;\">\n\t\t\t\t\t\t\t<img decoding=\"async\" src=\"\/\/www.memoriaestadionacional.cl\/wp-content\/plugins\/revslider\/sr6\/assets\/assets\/dummy.png\" alt=\"\" title=\"Cerca de 2.500 personas visitaron los Sitios de Memoria en D\u00eda de los Patrimonios 2025\" class=\"rev-slidebg tp-rs-img rs-lazyload\" data-lazyload=\"\/\/www.memoriaestadionacional.cl\/wp-content\/uploads\/2025\/06\/IMG_9461.jpg\" data-no-retina>\n<!---->\t\t\t\t\t<\/rs-slide>\n\t\t\t\t\t\t<rs-slide style=\"position: absolute;\" data-key=\"rs-1218\" data-title=\"Slide\" data-thumb=\"\/\/www.memoriaestadionacional.cl\/wp-content\/uploads\/2025\/06\/IMG_9460-50x100.jpg\" data-in=\"o:0;\" data-out=\"a:false;\">\n\t\t\t\t\t\t\t<img decoding=\"async\" src=\"\/\/www.memoriaestadionacional.cl\/wp-content\/plugins\/revslider\/sr6\/assets\/assets\/dummy.png\" alt=\"\" title=\"Cerca de 2.500 personas visitaron los Sitios de Memoria en D\u00eda de los Patrimonios 2025\" class=\"rev-slidebg tp-rs-img rs-lazyload\" data-lazyload=\"\/\/www.memoriaestadionacional.cl\/wp-content\/uploads\/2025\/06\/IMG_9460.jpg\" data-no-retina>\n<!---->\t\t\t\t\t<\/rs-slide>\n\t\t\t\t\t\t<rs-slide style=\"position: absolute;\" data-key=\"rs-1219\" data-title=\"Slide\" data-thumb=\"\/\/www.memoriaestadionacional.cl\/wp-content\/uploads\/2025\/06\/IMG_9459-50x100.jpg\" data-in=\"o:0;\" data-out=\"a:false;\">\n\t\t\t\t\t\t\t<img decoding=\"async\" src=\"\/\/www.memoriaestadionacional.cl\/wp-content\/plugins\/revslider\/sr6\/assets\/assets\/dummy.png\" alt=\"\" title=\"Cerca de 2.500 personas visitaron los Sitios de Memoria en D\u00eda de los Patrimonios 2025\" class=\"rev-slidebg tp-rs-img rs-lazyload\" data-lazyload=\"\/\/www.memoriaestadionacional.cl\/wp-content\/uploads\/2025\/06\/IMG_9459.jpg\" data-no-retina>\n<!---->\t\t\t\t\t<\/rs-slide>\n\t\t\t\t\t\t<rs-slide style=\"position: absolute;\" data-key=\"rs-1220\" data-title=\"Slide\" data-thumb=\"\/\/www.memoriaestadionacional.cl\/wp-content\/uploads\/2025\/06\/IMG_9458-50x100.jpg\" data-in=\"o:0;\" data-out=\"a:false;\">\n\t\t\t\t\t\t\t<img decoding=\"async\" src=\"\/\/www.memoriaestadionacional.cl\/wp-content\/plugins\/revslider\/sr6\/assets\/assets\/dummy.png\" alt=\"\" title=\"Cerca de 2.500 personas visitaron los Sitios de Memoria en D\u00eda de los Patrimonios 2025\" class=\"rev-slidebg tp-rs-img rs-lazyload\" data-lazyload=\"\/\/www.memoriaestadionacional.cl\/wp-content\/uploads\/2025\/06\/IMG_9458.jpg\" data-no-retina>\n<!---->\t\t\t\t\t<\/rs-slide>\n\t\t\t\t\t\t<rs-slide style=\"position: absolute;\" data-key=\"rs-1221\" data-title=\"Slide\" data-thumb=\"\/\/www.memoriaestadionacional.cl\/wp-content\/uploads\/2025\/06\/IMG_9457-50x100.jpg\" data-in=\"o:0;\" data-out=\"a:false;\">\n\t\t\t\t\t\t\t<img decoding=\"async\" src=\"\/\/www.memoriaestadionacional.cl\/wp-content\/plugins\/revslider\/sr6\/assets\/assets\/dummy.png\" alt=\"\" title=\"Cerca de 2.500 personas visitaron los Sitios de Memoria en D\u00eda de los Patrimonios 2025\" class=\"rev-slidebg tp-rs-img rs-lazyload\" data-lazyload=\"\/\/www.memoriaestadionacional.cl\/wp-content\/uploads\/2025\/06\/IMG_9457.jpg\" data-no-retina>\n<!---->\t\t\t\t\t<\/rs-slide>\n\t\t\t\t\t\t<rs-slide style=\"position: absolute;\" data-key=\"rs-1222\" data-title=\"Slide\" data-thumb=\"\/\/www.memoriaestadionacional.cl\/wp-content\/uploads\/2025\/06\/IMG_9455-50x100.jpg\" data-in=\"o:0;\" data-out=\"a:false;\">\n\t\t\t\t\t\t\t<img decoding=\"async\" src=\"\/\/www.memoriaestadionacional.cl\/wp-content\/plugins\/revslider\/sr6\/assets\/assets\/dummy.png\" alt=\"\" title=\"Cerca de 2.500 personas visitaron los Sitios de Memoria en D\u00eda de los Patrimonios 2025\" class=\"rev-slidebg tp-rs-img rs-lazyload\" data-lazyload=\"\/\/www.memoriaestadionacional.cl\/wp-content\/uploads\/2025\/06\/IMG_9455.jpg\" data-no-retina>\n<!---->\t\t\t\t\t<\/rs-slide>\n\t\t\t\t\t\t<rs-slide style=\"position: absolute;\" data-key=\"rs-1223\" data-title=\"Slide\" data-thumb=\"\/\/www.memoriaestadionacional.cl\/wp-content\/uploads\/2025\/06\/IMG_94541-50x100.jpg\" data-in=\"o:0;\" data-out=\"a:false;\">\n\t\t\t\t\t\t\t<img decoding=\"async\" src=\"\/\/www.memoriaestadionacional.cl\/wp-content\/plugins\/revslider\/sr6\/assets\/assets\/dummy.png\" alt=\"\" title=\"Cerca de 2.500 personas visitaron los Sitios de Memoria en D\u00eda de los Patrimonios 2025\" class=\"rev-slidebg tp-rs-img rs-lazyload\" data-lazyload=\"\/\/www.memoriaestadionacional.cl\/wp-content\/uploads\/2025\/06\/IMG_94541.jpg\" data-no-retina>\n<!---->\t\t\t\t\t<\/rs-slide>\n\t\t\t\t\t\t<rs-slide style=\"position: absolute;\" data-key=\"rs-1224\" data-title=\"Slide\" data-thumb=\"\/\/www.memoriaestadionacional.cl\/wp-content\/uploads\/2025\/06\/IMG_9453-50x100.jpg\" data-in=\"o:0;\" data-out=\"a:false;\">\n\t\t\t\t\t\t\t<img decoding=\"async\" src=\"\/\/www.memoriaestadionacional.cl\/wp-content\/plugins\/revslider\/sr6\/assets\/assets\/dummy.png\" alt=\"\" title=\"Cerca de 2.500 personas visitaron los Sitios de Memoria en D\u00eda de los Patrimonios 2025\" class=\"rev-slidebg tp-rs-img rs-lazyload\" data-lazyload=\"\/\/www.memoriaestadionacional.cl\/wp-content\/uploads\/2025\/06\/IMG_9453.jpg\" data-no-retina>\n<!---->\t\t\t\t\t<\/rs-slide>\n\t\t\t\t\t\t<rs-slide style=\"position: absolute;\" data-key=\"rs-1225\" data-title=\"Slide\" data-thumb=\"\/\/www.memoriaestadionacional.cl\/wp-content\/uploads\/2025\/06\/IMG_2079-50x100.jpg\" data-in=\"o:0;\" data-out=\"a:false;\">\n\t\t\t\t\t\t\t<img decoding=\"async\" src=\"\/\/www.memoriaestadionacional.cl\/wp-content\/plugins\/revslider\/sr6\/assets\/assets\/dummy.png\" alt=\"\" title=\"Cerca de 2.500 personas visitaron los Sitios de Memoria en D\u00eda de los Patrimonios 2025\" class=\"rev-slidebg tp-rs-img rs-lazyload\" data-lazyload=\"\/\/www.memoriaestadionacional.cl\/wp-content\/uploads\/2025\/06\/IMG_2079.jpg\" data-no-retina>\n<!---->\t\t\t\t\t<\/rs-slide>\n\t\t\t\t\t\t<rs-slide style=\"position: absolute;\" data-key=\"rs-1226\" data-title=\"Slide\" data-thumb=\"\/\/www.memoriaestadionacional.cl\/wp-content\/uploads\/2025\/06\/IMG_2078-50x100.jpg\" data-in=\"o:0;\" data-out=\"a:false;\">\n\t\t\t\t\t\t\t<img decoding=\"async\" src=\"\/\/www.memoriaestadionacional.cl\/wp-content\/plugins\/revslider\/sr6\/assets\/assets\/dummy.png\" alt=\"\" title=\"Cerca de 2.500 personas visitaron los Sitios de Memoria en D\u00eda de los Patrimonios 2025\" class=\"rev-slidebg tp-rs-img rs-lazyload\" data-lazyload=\"\/\/www.memoriaestadionacional.cl\/wp-content\/uploads\/2025\/06\/IMG_2078.jpg\" data-no-retina>\n<!---->\t\t\t\t\t<\/rs-slide>\n\t\t\t\t\t\t<rs-slide style=\"position: absolute;\" data-key=\"rs-1227\" data-title=\"Slide\" data-thumb=\"\/\/www.memoriaestadionacional.cl\/wp-content\/uploads\/2025\/06\/IMG_2077-50x100.jpg\" data-in=\"o:0;\" data-out=\"a:false;\">\n\t\t\t\t\t\t\t<img decoding=\"async\" src=\"\/\/www.memoriaestadionacional.cl\/wp-content\/plugins\/revslider\/sr6\/assets\/assets\/dummy.png\" alt=\"\" title=\"Cerca de 2.500 personas visitaron los Sitios de Memoria en D\u00eda de los Patrimonios 2025\" class=\"rev-slidebg tp-rs-img rs-lazyload\" data-lazyload=\"\/\/www.memoriaestadionacional.cl\/wp-content\/uploads\/2025\/06\/IMG_2077.jpg\" data-no-retina>\n<!---->\t\t\t\t\t<\/rs-slide>\n\t\t\t\t\t\t<rs-slide style=\"position: absolute;\" data-key=\"rs-1228\" data-title=\"Slide\" data-thumb=\"\/\/www.memoriaestadionacional.cl\/wp-content\/uploads\/2025\/06\/IMG_2076-50x100.jpg\" data-in=\"o:0;\" data-out=\"a:false;\">\n\t\t\t\t\t\t\t<img decoding=\"async\" src=\"\/\/www.memoriaestadionacional.cl\/wp-content\/plugins\/revslider\/sr6\/assets\/assets\/dummy.png\" alt=\"\" title=\"Cerca de 2.500 personas visitaron los Sitios de Memoria en D\u00eda de los Patrimonios 2025\" class=\"rev-slidebg tp-rs-img rs-lazyload\" data-lazyload=\"\/\/www.memoriaestadionacional.cl\/wp-content\/uploads\/2025\/06\/IMG_2076.jpg\" data-no-retina>\n<!---->\t\t\t\t\t<\/rs-slide>\n\t\t\t\t\t\t<rs-slide style=\"position: absolute;\" data-key=\"rs-1229\" data-title=\"Slide\" data-thumb=\"\/\/www.memoriaestadionacional.cl\/wp-content\/uploads\/2025\/06\/IMG_2075-50x100.jpg\" data-in=\"o:0;\" data-out=\"a:false;\">\n\t\t\t\t\t\t\t<img decoding=\"async\" src=\"\/\/www.memoriaestadionacional.cl\/wp-content\/plugins\/revslider\/sr6\/assets\/assets\/dummy.png\" alt=\"\" title=\"Cerca de 2.500 personas visitaron los Sitios de Memoria en D\u00eda de los Patrimonios 2025\" class=\"rev-slidebg tp-rs-img rs-lazyload\" data-lazyload=\"\/\/www.memoriaestadionacional.cl\/wp-content\/uploads\/2025\/06\/IMG_2075.jpg\" data-no-retina>\n<!---->\t\t\t\t\t<\/rs-slide>\n\t\t\t\t\t\t<rs-slide style=\"position: absolute;\" data-key=\"rs-1230\" data-title=\"Slide\" data-thumb=\"\/\/www.memoriaestadionacional.cl\/wp-content\/uploads\/2025\/06\/IMG_2074-50x100.jpg\" data-in=\"o:0;\" data-out=\"a:false;\">\n\t\t\t\t\t\t\t<img decoding=\"async\" src=\"\/\/www.memoriaestadionacional.cl\/wp-content\/plugins\/revslider\/sr6\/assets\/assets\/dummy.png\" alt=\"\" title=\"Cerca de 2.500 personas visitaron los Sitios de Memoria en D\u00eda de los Patrimonios 2025\" class=\"rev-slidebg tp-rs-img rs-lazyload\" data-lazyload=\"\/\/www.memoriaestadionacional.cl\/wp-content\/uploads\/2025\/06\/IMG_2074.jpg\" data-no-retina>\n<!---->\t\t\t\t\t<\/rs-slide>\n\t\t\t\t\t\t<rs-slide style=\"position: absolute;\" data-key=\"rs-1231\" data-title=\"Slide\" data-thumb=\"\/\/www.memoriaestadionacional.cl\/wp-content\/uploads\/2025\/06\/IMG_2073-50x100.jpg\" data-in=\"o:0;\" data-out=\"a:false;\">\n\t\t\t\t\t\t\t<img decoding=\"async\" src=\"\/\/www.memoriaestadionacional.cl\/wp-content\/plugins\/revslider\/sr6\/assets\/assets\/dummy.png\" alt=\"\" title=\"Cerca de 2.500 personas visitaron los Sitios de Memoria en D\u00eda de los Patrimonios 2025\" class=\"rev-slidebg tp-rs-img rs-lazyload\" data-lazyload=\"\/\/www.memoriaestadionacional.cl\/wp-content\/uploads\/2025\/06\/IMG_2073.jpg\" data-no-retina>\n<!---->\t\t\t\t\t<\/rs-slide>\n\t\t\t\t\t\t<rs-slide style=\"position: absolute;\" data-key=\"rs-1232\" data-title=\"Slide\" data-thumb=\"\/\/www.memoriaestadionacional.cl\/wp-content\/uploads\/2025\/06\/IMG_2068-50x100.jpg\" data-in=\"o:0;\" data-out=\"a:false;\">\n\t\t\t\t\t\t\t<img decoding=\"async\" src=\"\/\/www.memoriaestadionacional.cl\/wp-content\/plugins\/revslider\/sr6\/assets\/assets\/dummy.png\" alt=\"\" title=\"Cerca de 2.500 personas visitaron los Sitios de Memoria en D\u00eda de los Patrimonios 2025\" class=\"rev-slidebg tp-rs-img rs-lazyload\" data-lazyload=\"\/\/www.memoriaestadionacional.cl\/wp-content\/uploads\/2025\/06\/IMG_2068.jpg\" data-no-retina>\n<!---->\t\t\t\t\t<\/rs-slide>\n\t\t\t\t\t\t<rs-slide style=\"position: absolute;\" data-key=\"rs-1233\" data-title=\"Slide\" data-thumb=\"\/\/www.memoriaestadionacional.cl\/wp-content\/uploads\/2025\/06\/IMG_2065-50x100.jpg\" data-in=\"o:0;\" data-out=\"a:false;\">\n\t\t\t\t\t\t\t<img decoding=\"async\" src=\"\/\/www.memoriaestadionacional.cl\/wp-content\/plugins\/revslider\/sr6\/assets\/assets\/dummy.png\" alt=\"\" title=\"Cerca de 2.500 personas visitaron los Sitios de Memoria en D\u00eda de los Patrimonios 2025\" class=\"rev-slidebg tp-rs-img rs-lazyload\" data-lazyload=\"\/\/www.memoriaestadionacional.cl\/wp-content\/uploads\/2025\/06\/IMG_2065.jpg\" data-no-retina>\n<!---->\t\t\t\t\t<\/rs-slide>\n\t\t\t\t\t\t<rs-slide style=\"position: absolute;\" data-key=\"rs-1234\" data-title=\"Slide\" data-thumb=\"\/\/www.memoriaestadionacional.cl\/wp-content\/uploads\/2025\/06\/IMG_2055-50x100.jpg\" data-in=\"o:0;\" data-out=\"a:false;\">\n\t\t\t\t\t\t\t<img decoding=\"async\" src=\"\/\/www.memoriaestadionacional.cl\/wp-content\/plugins\/revslider\/sr6\/assets\/assets\/dummy.png\" alt=\"\" title=\"Cerca de 2.500 personas visitaron los Sitios de Memoria en D\u00eda de los Patrimonios 2025\" class=\"rev-slidebg tp-rs-img rs-lazyload\" data-lazyload=\"\/\/www.memoriaestadionacional.cl\/wp-content\/uploads\/2025\/06\/IMG_2055.jpg\" data-no-retina>\n<!---->\t\t\t\t\t<\/rs-slide>\n\t\t\t\t\t\t<rs-slide style=\"position: absolute;\" data-key=\"rs-1235\" data-title=\"Slide\" data-thumb=\"\/\/www.memoriaestadionacional.cl\/wp-content\/uploads\/2025\/06\/IMG_2054-50x100.jpg\" data-in=\"o:0;\" data-out=\"a:false;\">\n\t\t\t\t\t\t\t<img decoding=\"async\" src=\"\/\/www.memoriaestadionacional.cl\/wp-content\/plugins\/revslider\/sr6\/assets\/assets\/dummy.png\" alt=\"\" title=\"Cerca de 2.500 personas visitaron los Sitios de Memoria en D\u00eda de los Patrimonios 2025\" class=\"rev-slidebg tp-rs-img rs-lazyload\" data-lazyload=\"\/\/www.memoriaestadionacional.cl\/wp-content\/uploads\/2025\/06\/IMG_2054.jpg\" data-no-retina>\n<!---->\t\t\t\t\t<\/rs-slide>\n\t\t\t\t\t<\/rs-slides>\n\t\t\t\t<\/rs-module>\n\t\t\t\t<script>\n\t\t\t\t\tsetREVStartSize({c: 'rev_slider_79_1',rl:[1240,1024,778,480],el:[900],gw:[1240],gh:[900],type:'carousel',justify:'',layout:'fullwidth',mh:\"0\"});if (window.RS_MODULES!==undefined && window.RS_MODULES.modules!==undefined && window.RS_MODULES.modules[\"revslider791\"]!==undefined) {window.RS_MODULES.modules[\"revslider791\"].once = false;window.revapi79 = undefined;if (window.RS_MODULES.checkMinimal!==undefined) window.RS_MODULES.checkMinimal()}\n\t\t\t\t<\/script>\n\t\t\t<\/rs-module-wrap>\n\t\t\t<!-- END REVOLUTION SLIDER -->\n<\/div><\/div><\/div><\/div><\/div>\n<\/div>","protected":false},"excerpt":{"rendered":"Con profunda emoci\u00f3n y alegr\u00eda, finalizamos dos jornadas del D\u00eda de los Patrimonios en los Sitios de Memoria del Estadio Nacional, donde cerca de 2.500&hellip;","protected":false},"author":1,"featured_media":15813,"comment_status":"open","ping_status":"open","sticky":false,"template":"","format":"standard","meta":{"_acf_changed":false,"footnotes":""},"categories":[11],"tags":[],"class_list":["post-15871","post","type-post","status-publish","format-standard","has-post-thumbnail","hentry","category-noticias"],"acf":[],"aioseo_notices":[],"_links":{"self":[{"href":"https:\/\/www.memoriaestadionacional.cl\/en\/wp-json\/wp\/v2\/posts\/15871","targetHints":{"allow":["GET"]}}],"collection":[{"href":"https:\/\/www.memoriaestadionacional.cl\/en\/wp-json\/wp\/v2\/posts"}],"about":[{"href":"https:\/\/www.memoriaestadionacional.cl\/en\/wp-json\/wp\/v2\/types\/post"}],"author":[{"embeddable":true,"href":"https:\/\/www.memoriaestadionacional.cl\/en\/wp-json\/wp\/v2\/users\/1"}],"replies":[{"embeddable":true,"href":"https:\/\/www.memoriaestadionacional.cl\/en\/wp-json\/wp\/v2\/comments?post=15871"}],"version-history":[{"count":2,"href":"https:\/\/www.memoriaestadionacional.cl\/en\/wp-json\/wp\/v2\/posts\/15871\/revisions"}],"predecessor-version":[{"id":15873,"href":"https:\/\/www.memoriaestadionacional.cl\/en\/wp-json\/wp\/v2\/posts\/15871\/revisions\/15873"}],"wp:featuredmedia":[{"embeddable":true,"href":"https:\/\/www.memoriaestadionacional.cl\/en\/wp-json\/wp\/v2\/media\/15813"}],"wp:attachment":[{"href":"https:\/\/www.memoriaestadionacional.cl\/en\/wp-json\/wp\/v2\/media?parent=15871"}],"wp:term":[{"taxonomy":"category","embeddable":true,"href":"https:\/\/www.memoriaestadionacional.cl\/en\/wp-json\/wp\/v2\/categories?post=15871"},{"taxonomy":"post_tag","embeddable":true,"href":"https:\/\/www.memoriaestadionacional.cl\/en\/wp-json\/wp\/v2\/tags?post=15871"}],"curies":[{"name":"wp","href":"https:\/\/api.w.org\/{rel}","templated":true}]}}