{"id":15698,"date":"2025-05-31T00:20:39","date_gmt":"2025-05-31T00:20:39","guid":{"rendered":"https:\/\/www.memoriaestadionacional.cl\/?p=15698"},"modified":"2025-05-31T00:20:39","modified_gmt":"2025-05-31T00:20:39","slug":"boletin-no-40-mayo","status":"publish","type":"post","link":"https:\/\/www.memoriaestadionacional.cl\/en\/boletin-no-40-mayo\/","title":{"rendered":"Bolet\u00edn N\u00ba 40 \u2013 Mayo"},"content":{"rendered":"<div class=\"wpb-content-wrapper\"><div class=\"vc-row-container container\"><div class=\"vc_row wpb_row vc_row-fluid\"><div class=\"wpb_column vc_column_container vc_col-sm-12\"><div class=\"vc_column-inner\"><div class=\"wpb_wrapper\">\n\t<div class=\"wpb_text_column wpb_content_element\" >\n\t\t<div class=\"wpb_wrapper\">\n\t\t\t<p>En mayo, los Sitios de Memoria del Estadio Nacional renovaron su compromiso con la memoria hist\u00f3rica y los derechos humanos, abriendo sus puertas a m\u00e1s de 2.500 personas durante el D\u00eda de los Patrimonios, con presencia de autoridades y una amplia participaci\u00f3n juvenil. Tambi\u00e9n rindieron homenaje a los trabajadores v\u00edctimas de la dictadura en el marco del 1\u00b0 de mayo, reafirmando su legado de resistencia y dignidad.<\/p>\n<p>El mes estuvo marcado por el cierre de la exposici\u00f3n \u201cMujeres contra el fascismo\u201d con talleres de creaci\u00f3n colectiva junto a la Coordinadora Feminista 8M, y por la conmemoraci\u00f3n de la Nakba en solidaridad con Palestina, en un emotivo acto cultural y pol\u00edtico. Adem\u00e1s, se sumaron a la movilizaci\u00f3n por justicia para Gustavo Gatica, exigiendo verdad y reparaci\u00f3n ante la violencia estatal.<\/p>\n<p>Durante mayo, m\u00e1s de 800 estudiantes de colegios y universidades recorrieron los Sitios de Memoria, guiados por exprisioneros pol\u00edticos que, con sus testimonios, contin\u00faan formando nuevas generaciones conscientes de la historia reciente de Chile.<\/p>\n\n\t\t<\/div>\n\t<\/div>\n<\/div><\/div><\/div><\/div><\/div><div class=\"vc-row-container container\"><div class=\"vc_row wpb_row vc_row-fluid\"><div class=\"wpb_column vc_column_container vc_col-sm-12\"><div class=\"vc_column-inner\"><div class=\"wpb_wrapper\">\n\t<div class=\"wpb_raw_code wpb_raw_html wpb_content_element\" >\n\t\t<div class=\"wpb_wrapper\">\n\t\t\t\n            <div \n                class=\"elfsight-widget-pdf-embed elfsight-widget\" \n                data-elfsight-pdf-embed-options=\"%7B%22files%22%3A%5B%7B%22link%22%3A%22https%3A%5C%2F%5C%2Fwww.memoriaestadionacional.cl%5C%2Fwp-content%5C%2Fuploads%5C%2F2025%5C%2F05%5C%2FENMN_Boletin-N40-Mayo.pdf%22%2C%22name%22%3A%22%22%2C%22previewImage%22%3Anull%7D%5D%2C%22widgetTitle%22%3A%22%22%2C%22layout%22%3A%22viewer%22%2C%22showIcon%22%3Atrue%2C%22icon%22%3A%22icon-1%22%2C%22previewImageSize%22%3A30%2C%22showDownloadLink%22%3Atrue%2C%22downloadLinkText%22%3A%22Download%22%2C%22width%22%3A%22100%25%22%2C%22heightFactor%22%3A1.41%2C%22iconColor%22%3A%22rgb%28222%2C%2043%2C%2051%29%22%2C%22nameColor%22%3A%22rgb%2817%2C%2017%2C%2017%29%22%2C%22downloadColor%22%3A%22rgb%2828%2C%20145%2C%20255%29%22%2C%22backgroundColor%22%3Anull%2C%22fileBackgroundColor%22%3Anull%2C%22widgetTitleColor%22%3A%22rgb%2817%2C%2017%2C%2017%29%22%2C%22nameFontSize%22%3A15%2C%22downloadFontSize%22%3A13%2C%22widgetTitleFontSize%22%3A20%2C%22widgetId%22%3A%2237%22%7D\" \n                data-elfsight-pdf-embed-version=\"1.1.1\"\n                data-elfsight-widget-id=\"elfsight-pdf-embed-37\">\n            <\/div>\n            \n\t\t<\/div>\n\t<\/div>\n<\/div><\/div><\/div><\/div><\/div>\n<\/div>","protected":false},"excerpt":{"rendered":"En mayo, los Sitios de Memoria del Estadio Nacional renovaron su compromiso con la memoria hist\u00f3rica y los derechos humanos, abriendo sus puertas a m\u00e1s&hellip;","protected":false},"author":1,"featured_media":15701,"comment_status":"open","ping_status":"open","sticky":false,"template":"","format":"standard","meta":{"_acf_changed":false,"footnotes":""},"categories":[162],"tags":[],"class_list":["post-15698","post","type-post","status-publish","format-standard","has-post-thumbnail","hentry","category-boletin-2025"],"acf":[],"aioseo_notices":[],"_links":{"self":[{"href":"https:\/\/www.memoriaestadionacional.cl\/en\/wp-json\/wp\/v2\/posts\/15698","targetHints":{"allow":["GET"]}}],"collection":[{"href":"https:\/\/www.memoriaestadionacional.cl\/en\/wp-json\/wp\/v2\/posts"}],"about":[{"href":"https:\/\/www.memoriaestadionacional.cl\/en\/wp-json\/wp\/v2\/types\/post"}],"author":[{"embeddable":true,"href":"https:\/\/www.memoriaestadionacional.cl\/en\/wp-json\/wp\/v2\/users\/1"}],"replies":[{"embeddable":true,"href":"https:\/\/www.memoriaestadionacional.cl\/en\/wp-json\/wp\/v2\/comments?post=15698"}],"version-history":[{"count":2,"href":"https:\/\/www.memoriaestadionacional.cl\/en\/wp-json\/wp\/v2\/posts\/15698\/revisions"}],"predecessor-version":[{"id":15702,"href":"https:\/\/www.memoriaestadionacional.cl\/en\/wp-json\/wp\/v2\/posts\/15698\/revisions\/15702"}],"wp:featuredmedia":[{"embeddable":true,"href":"https:\/\/www.memoriaestadionacional.cl\/en\/wp-json\/wp\/v2\/media\/15701"}],"wp:attachment":[{"href":"https:\/\/www.memoriaestadionacional.cl\/en\/wp-json\/wp\/v2\/media?parent=15698"}],"wp:term":[{"taxonomy":"category","embeddable":true,"href":"https:\/\/www.memoriaestadionacional.cl\/en\/wp-json\/wp\/v2\/categories?post=15698"},{"taxonomy":"post_tag","embeddable":true,"href":"https:\/\/www.memoriaestadionacional.cl\/en\/wp-json\/wp\/v2\/tags?post=15698"}],"curies":[{"name":"wp","href":"https:\/\/api.w.org\/{rel}","templated":true}]}}