{"id":15548,"date":"2025-03-30T20:12:16","date_gmt":"2025-03-30T20:12:16","guid":{"rendered":"https:\/\/www.memoriaestadionacional.cl\/?p=15548"},"modified":"2025-04-04T20:13:29","modified_gmt":"2025-04-04T20:13:29","slug":"marzo-se-reciben-nuevamente-a-cientos-de-estudiantes-de-colegios-y-universidades-en-los-sitios-de-memoria-del-estadio-nacional","status":"publish","type":"post","link":"https:\/\/www.memoriaestadionacional.cl\/en\/marzo-se-reciben-nuevamente-a-cientos-de-estudiantes-de-colegios-y-universidades-en-los-sitios-de-memoria-del-estadio-nacional\/","title":{"rendered":"Marzo: Se reciben nuevamente a cientos de estudiantes de colegios y universidades en los Sitios de Memoria del Estadio Nacional"},"content":{"rendered":"<div class=\"wpb-content-wrapper\"><div class=\"vc-row-container container\"><div class=\"vc_row wpb_row vc_row-fluid\"><div class=\"wpb_column vc_column_container vc_col-sm-12\"><div class=\"vc_column-inner\"><div class=\"wpb_wrapper\">\n\t<div class=\"wpb_text_column wpb_content_element\" >\n\t\t<div class=\"wpb_wrapper\">\n\t\t\t<p>De lunes a viernes cientos de estudiantes y organizaciones visitan los Sitios de Memoria del Estadio Nacional, con el fin de conocer la historia y educarse en materia de derechos humanos. Cada visita que recibimos es una instancia para enfrentar el negacionismo y difundir la memoria hist\u00f3rica viva de nuestro pa\u00eds, contribuyendo as\u00ed en la formaci\u00f3n de las futuras generaciones.<\/p>\n<p>Las visitas guiadas a ni\u00f1os, ni\u00f1as y adolescentes son una manera educativa y participativa de que conozcan la historia de Chile durante la dictadura civil y militar de 1973, a trav\u00e9s de los espacios de memoria del Estadio Nacional.<\/p>\n<p>Asimismo, la Corporaci\u00f3n Estadio Nacional Memoria Nacional contin\u00faa con amplias convocatorias a los Recorridos de la Memoria que se realizan cada s\u00e1bado del mes.<br \/>\nAgradecemos a la compa\u00f1era y exprisionera, Marisol Castillo, a Patricio Sandoval, Jos\u00e9 Cerda, Alejandro Pereda, Armando P\u00e9rez, Luis C\u00e1rdenas, Juan Sep\u00falveda, \u00d3scar Julio, H\u00e9ctor Alvarez, al socio Julio Cabrera, y a todos los sobrevivientes que valiente y generosamente participan en las visitas guiadas. <\/p>\n\n\t\t<\/div>\n\t<\/div>\n<\/div><\/div><\/div><\/div><\/div>\n<\/div>","protected":false},"excerpt":{"rendered":"De lunes a viernes cientos de estudiantes y organizaciones visitan los Sitios de Memoria del Estadio Nacional, con el fin de conocer la historia y&hellip;","protected":false},"author":1,"featured_media":15549,"comment_status":"open","ping_status":"open","sticky":false,"template":"","format":"standard","meta":{"_acf_changed":false,"footnotes":""},"categories":[11],"tags":[],"class_list":["post-15548","post","type-post","status-publish","format-standard","has-post-thumbnail","hentry","category-noticias"],"acf":[],"aioseo_notices":[],"_links":{"self":[{"href":"https:\/\/www.memoriaestadionacional.cl\/en\/wp-json\/wp\/v2\/posts\/15548","targetHints":{"allow":["GET"]}}],"collection":[{"href":"https:\/\/www.memoriaestadionacional.cl\/en\/wp-json\/wp\/v2\/posts"}],"about":[{"href":"https:\/\/www.memoriaestadionacional.cl\/en\/wp-json\/wp\/v2\/types\/post"}],"author":[{"embeddable":true,"href":"https:\/\/www.memoriaestadionacional.cl\/en\/wp-json\/wp\/v2\/users\/1"}],"replies":[{"embeddable":true,"href":"https:\/\/www.memoriaestadionacional.cl\/en\/wp-json\/wp\/v2\/comments?post=15548"}],"version-history":[{"count":1,"href":"https:\/\/www.memoriaestadionacional.cl\/en\/wp-json\/wp\/v2\/posts\/15548\/revisions"}],"predecessor-version":[{"id":15550,"href":"https:\/\/www.memoriaestadionacional.cl\/en\/wp-json\/wp\/v2\/posts\/15548\/revisions\/15550"}],"wp:featuredmedia":[{"embeddable":true,"href":"https:\/\/www.memoriaestadionacional.cl\/en\/wp-json\/wp\/v2\/media\/15549"}],"wp:attachment":[{"href":"https:\/\/www.memoriaestadionacional.cl\/en\/wp-json\/wp\/v2\/media?parent=15548"}],"wp:term":[{"taxonomy":"category","embeddable":true,"href":"https:\/\/www.memoriaestadionacional.cl\/en\/wp-json\/wp\/v2\/categories?post=15548"},{"taxonomy":"post_tag","embeddable":true,"href":"https:\/\/www.memoriaestadionacional.cl\/en\/wp-json\/wp\/v2\/tags?post=15548"}],"curies":[{"name":"wp","href":"https:\/\/api.w.org\/{rel}","templated":true}]}}