{"id":15523,"date":"2025-03-16T01:42:27","date_gmt":"2025-03-16T01:42:27","guid":{"rendered":"https:\/\/www.memoriaestadionacional.cl\/?p=15523"},"modified":"2025-03-16T01:42:27","modified_gmt":"2025-03-16T01:42:27","slug":"declaracion-publica-por-aprobacion-en-el-senado-del-proyecto-de-ley-que-dispone-erigir-un-monumento-a-sebastian-pinera","status":"publish","type":"post","link":"https:\/\/www.memoriaestadionacional.cl\/en\/declaracion-publica-por-aprobacion-en-el-senado-del-proyecto-de-ley-que-dispone-erigir-un-monumento-a-sebastian-pinera\/","title":{"rendered":"DECLARACI\u00d3N PUBLICA POR APROBACI\u00d3N EN EL SENADO DEL PROYECTO DE LEY QUE DISPONE ERIGIR UN MONUMENTO A SEBASTIAN PI\u00d1ERA"},"content":{"rendered":"<div class=\"wpb-content-wrapper\"><div class=\"vc-row-container container\"><div class=\"vc_row wpb_row vc_row-fluid\"><div class=\"wpb_column vc_column_container vc_col-sm-12\"><div class=\"vc_column-inner\"><div class=\"wpb_wrapper\">\n\t<div class=\"wpb_text_column wpb_content_element\" >\n\t\t<div class=\"wpb_wrapper\">\n\t\t\t<p>Condenamos la aprobaci\u00f3n del Senado del proyecto de ley que dispone erigir un monumento a Sebasti\u00e1n Pi\u00f1era en la Plaza de la Constituci\u00f3n, frente al Palacio de La Moneda.<\/p>\n<p>Desde los Sitios de Memoria del Estadio Nacional creemos que esta decisi\u00f3n constituye una burla a las miles de v\u00edctimas de lesa humanidad durante el Estallido Social. No podemos reconocer con un monumento al responsable pol\u00edtico que declar\u00f3 la guerra al pueblo.<\/p>\n<p>Homenajear al expresidente Pi\u00f1era es una exaltaci\u00f3n a su historial judicial y pol\u00edtico. Es un intento por reescribir la historia de nuestro pa\u00eds, constituyendo as\u00ed un acto de negacionismo y deslegitima los esfuerzos por construir una sociedad respetuosa con los derechos humanos.<\/p>\n<p>Seguiremos firmes en nuestro compromiso con la verdad, la justicia y la memoria de nuestro pa\u00eds. No olvidamos y en memoria de quienes lucharon, luchan y luchar\u00e1n, rechazamos cualquier acci\u00f3n que busque trivializar o justificar cr\u00edmenes de lesa humanidad.<\/p>\n<p><strong>\u00a1Por la memoria, la verdad y la justicia!<\/strong><\/p>\n\n\t\t<\/div>\n\t<\/div>\n<\/div><\/div><\/div><\/div><\/div>\n<\/div>","protected":false},"excerpt":{"rendered":"Condenamos la aprobaci\u00f3n del Senado del proyecto de ley que dispone erigir un monumento a Sebasti\u00e1n Pi\u00f1era en la Plaza de la Constituci\u00f3n, frente al&hellip;","protected":false},"author":1,"featured_media":15525,"comment_status":"open","ping_status":"open","sticky":false,"template":"","format":"standard","meta":{"_acf_changed":false,"footnotes":""},"categories":[11],"tags":[],"class_list":["post-15523","post","type-post","status-publish","format-standard","has-post-thumbnail","hentry","category-noticias"],"acf":[],"aioseo_notices":[],"_links":{"self":[{"href":"https:\/\/www.memoriaestadionacional.cl\/en\/wp-json\/wp\/v2\/posts\/15523","targetHints":{"allow":["GET"]}}],"collection":[{"href":"https:\/\/www.memoriaestadionacional.cl\/en\/wp-json\/wp\/v2\/posts"}],"about":[{"href":"https:\/\/www.memoriaestadionacional.cl\/en\/wp-json\/wp\/v2\/types\/post"}],"author":[{"embeddable":true,"href":"https:\/\/www.memoriaestadionacional.cl\/en\/wp-json\/wp\/v2\/users\/1"}],"replies":[{"embeddable":true,"href":"https:\/\/www.memoriaestadionacional.cl\/en\/wp-json\/wp\/v2\/comments?post=15523"}],"version-history":[{"count":2,"href":"https:\/\/www.memoriaestadionacional.cl\/en\/wp-json\/wp\/v2\/posts\/15523\/revisions"}],"predecessor-version":[{"id":15526,"href":"https:\/\/www.memoriaestadionacional.cl\/en\/wp-json\/wp\/v2\/posts\/15523\/revisions\/15526"}],"wp:featuredmedia":[{"embeddable":true,"href":"https:\/\/www.memoriaestadionacional.cl\/en\/wp-json\/wp\/v2\/media\/15525"}],"wp:attachment":[{"href":"https:\/\/www.memoriaestadionacional.cl\/en\/wp-json\/wp\/v2\/media?parent=15523"}],"wp:term":[{"taxonomy":"category","embeddable":true,"href":"https:\/\/www.memoriaestadionacional.cl\/en\/wp-json\/wp\/v2\/categories?post=15523"},{"taxonomy":"post_tag","embeddable":true,"href":"https:\/\/www.memoriaestadionacional.cl\/en\/wp-json\/wp\/v2\/tags?post=15523"}],"curies":[{"name":"wp","href":"https:\/\/api.w.org\/{rel}","templated":true}]}}