{"id":15517,"date":"2025-03-12T18:10:46","date_gmt":"2025-03-12T18:10:46","guid":{"rendered":"https:\/\/www.memoriaestadionacional.cl\/?p=15517"},"modified":"2025-03-12T18:15:44","modified_gmt":"2025-03-12T18:15:44","slug":"boletin-no-37-febrero","status":"publish","type":"post","link":"https:\/\/www.memoriaestadionacional.cl\/en\/boletin-no-37-febrero\/","title":{"rendered":"Bolet\u00edn N\u00ba 37 \u2013 Febrero"},"content":{"rendered":"<div class=\"wpb-content-wrapper\"><div class=\"vc-row-container container\"><div class=\"vc_row wpb_row vc_row-fluid\"><div class=\"wpb_column vc_column_container vc_col-sm-12\"><div class=\"vc_column-inner\"><div class=\"wpb_wrapper\">\n\t<div class=\"wpb_text_column wpb_content_element\" >\n\t\t<div class=\"wpb_wrapper\">\n\t\t\t<p>La Corporaci\u00f3n Estadio Nacional Memoria Nacional contin\u00faa fortaleciendo su compromiso con la memoria y los derechos humanos. En febrero, se avanz\u00f3 en la organizaci\u00f3n de la exposici\u00f3n fotogr\u00e1fica \u201cMujeres contra el fascismo\u201d, en colaboraci\u00f3n con la Coordinadora Feminista 8M, visibilizando la resistencia de las mujeres en distintas \u00e9pocas. Adem\u00e1s, se implement\u00f3 un nuevo sistema de inscripci\u00f3n digital para los Recorridos de la Memoria, optimizando el acceso a las visitas guiadas. La Corporaci\u00f3n tambi\u00e9n se adhiri\u00f3 a la condena p\u00fablica contra el fallo que obliga a la senadora Fabiola Campillai a eliminar publicaciones sobre Claudio Crespo, en defensa del derecho a la memoria y la denuncia de violaciones a los derechos humanos. En el marco del Plan Nacional de B\u00fasqueda, se realizaron por primera vez rastreos en el Cuartel de Inteligencia de Cerro Chena, en un esfuerzo por encontrar detenidos desaparecidos. Asimismo, se dict\u00f3 una nueva condena al Estado, que deber\u00e1 indemnizar con $80 millones a un ex prisionero pol\u00edtico que sufri\u00f3 torturas en el Estadio Nacional durante la dictadura. Finalmente, el bolet\u00edn destaca la exitosa convocatoria de los Recorridos de la Memoria durante el verano, reafirmando el valor de estos espacios como herramientas fundamentales de educaci\u00f3n y conciencia hist\u00f3rica.<\/p>\n\n\t\t<\/div>\n\t<\/div>\n\n\t<div class=\"wpb_text_column wpb_content_element\" >\n\t\t<div class=\"wpb_wrapper\">\n\t\t\t\n            <div \n                class=\"elfsight-widget-pdf-embed elfsight-widget\" \n                data-elfsight-pdf-embed-options=\"%7B%22files%22%3A%5B%7B%22link%22%3A%22https%3A%5C%2F%5C%2Fwww.memoriaestadionacional.cl%5C%2Fwp-content%5C%2Fuploads%5C%2F2025%5C%2F03%5C%2FENMN_Boletin-N37-Febrero.pdf%22%2C%22name%22%3A%22%22%2C%22previewImage%22%3Anull%7D%5D%2C%22widgetTitle%22%3A%22%22%2C%22layout%22%3A%22viewer%22%2C%22showIcon%22%3Atrue%2C%22icon%22%3A%22icon-1%22%2C%22previewImageSize%22%3A30%2C%22showDownloadLink%22%3Atrue%2C%22downloadLinkText%22%3A%22Download%22%2C%22width%22%3A%22100%25%22%2C%22heightFactor%22%3A1.41%2C%22iconColor%22%3A%22rgb%28222%2C%2043%2C%2051%29%22%2C%22nameColor%22%3A%22rgb%2817%2C%2017%2C%2017%29%22%2C%22downloadColor%22%3A%22rgb%2828%2C%20145%2C%20255%29%22%2C%22backgroundColor%22%3Anull%2C%22fileBackgroundColor%22%3Anull%2C%22widgetTitleColor%22%3A%22rgb%2817%2C%2017%2C%2017%29%22%2C%22nameFontSize%22%3A15%2C%22downloadFontSize%22%3A13%2C%22widgetTitleFontSize%22%3A20%2C%22widgetId%22%3A%2234%22%7D\" \n                data-elfsight-pdf-embed-version=\"1.1.1\"\n                data-elfsight-widget-id=\"elfsight-pdf-embed-34\">\n            <\/div>\n            \n\n\t\t<\/div>\n\t<\/div>\n<\/div><\/div><\/div><\/div><\/div>\n<\/div>","protected":false},"excerpt":{"rendered":"La Corporaci\u00f3n Estadio Nacional Memoria Nacional contin\u00faa fortaleciendo su compromiso con la memoria y los derechos humanos. En febrero, se avanz\u00f3 en la organizaci\u00f3n de&hellip;","protected":false},"author":1,"featured_media":15519,"comment_status":"open","ping_status":"open","sticky":false,"template":"","format":"standard","meta":{"_acf_changed":false,"footnotes":""},"categories":[162],"tags":[],"class_list":["post-15517","post","type-post","status-publish","format-standard","has-post-thumbnail","hentry","category-boletin-2025"],"acf":[],"aioseo_notices":[],"_links":{"self":[{"href":"https:\/\/www.memoriaestadionacional.cl\/en\/wp-json\/wp\/v2\/posts\/15517","targetHints":{"allow":["GET"]}}],"collection":[{"href":"https:\/\/www.memoriaestadionacional.cl\/en\/wp-json\/wp\/v2\/posts"}],"about":[{"href":"https:\/\/www.memoriaestadionacional.cl\/en\/wp-json\/wp\/v2\/types\/post"}],"author":[{"embeddable":true,"href":"https:\/\/www.memoriaestadionacional.cl\/en\/wp-json\/wp\/v2\/users\/1"}],"replies":[{"embeddable":true,"href":"https:\/\/www.memoriaestadionacional.cl\/en\/wp-json\/wp\/v2\/comments?post=15517"}],"version-history":[{"count":3,"href":"https:\/\/www.memoriaestadionacional.cl\/en\/wp-json\/wp\/v2\/posts\/15517\/revisions"}],"predecessor-version":[{"id":15522,"href":"https:\/\/www.memoriaestadionacional.cl\/en\/wp-json\/wp\/v2\/posts\/15517\/revisions\/15522"}],"wp:featuredmedia":[{"embeddable":true,"href":"https:\/\/www.memoriaestadionacional.cl\/en\/wp-json\/wp\/v2\/media\/15519"}],"wp:attachment":[{"href":"https:\/\/www.memoriaestadionacional.cl\/en\/wp-json\/wp\/v2\/media?parent=15517"}],"wp:term":[{"taxonomy":"category","embeddable":true,"href":"https:\/\/www.memoriaestadionacional.cl\/en\/wp-json\/wp\/v2\/categories?post=15517"},{"taxonomy":"post_tag","embeddable":true,"href":"https:\/\/www.memoriaestadionacional.cl\/en\/wp-json\/wp\/v2\/tags?post=15517"}],"curies":[{"name":"wp","href":"https:\/\/api.w.org\/{rel}","templated":true}]}}