{"id":14964,"date":"2024-11-22T20:57:19","date_gmt":"2024-11-22T20:57:19","guid":{"rendered":"https:\/\/www.memoriaestadionacional.cl\/?p=14964"},"modified":"2024-11-22T20:57:19","modified_gmt":"2024-11-22T20:57:19","slug":"inauguramos-la-muestra-panamericana-al-sur-km-45-en-la-sala-de-exposiciones-de-los-sitios-de-memoria-del-estadio-nacional","status":"publish","type":"post","link":"https:\/\/www.memoriaestadionacional.cl\/en\/inauguramos-la-muestra-panamericana-al-sur-km-45-en-la-sala-de-exposiciones-de-los-sitios-de-memoria-del-estadio-nacional\/","title":{"rendered":"Inauguramos la muestra \u201cPanamericana al sur. Km 45\u201d en la Sala de Exposiciones de los Sitios de Memoria del Estadio Nacional"},"content":{"rendered":"<div class=\"wpb-content-wrapper\"><div class=\"vc-row-container container\"><div class=\"vc_row wpb_row vc_row-fluid\"><div class=\"wpb_column vc_column_container vc_col-sm-12\"><div class=\"vc_column-inner\"><div class=\"wpb_wrapper\">\n\t<div class=\"wpb_text_column wpb_content_element\" >\n\t\t<div class=\"wpb_wrapper\">\n\t\t\t<p>El pasado 7 de noviembre, inauguramos una nueva exposici\u00f3n llamada \u201cPanamericana al sur. Km 45\u201d de los artistas Oscar Gonz\u00e1lez Galaz y Juan Jos\u00e9 Sepulveda Galaz, en la Sala de Exposiciones de los Sitios de Memoria del Estadio Nacional.<\/p>\n<p>En la exposici\u00f3n \u201cPanamericana al Sur. Kil\u00f3metro 45\u201d, los artistas presentan la vida y el trabajo al interior de la comuna de Paine, a trav\u00e9s del retrato de campesinos y campesinas cuyas vidas y muertes se cruzan en la lucha por la dignificaci\u00f3n del trabajador rural, ayer y hoy.<\/p>\n<p>A cincuenta a\u00f1os del golpe de Estado civil-militar que derroc\u00f3 la democracia y puso abrupto fin al proceso de Reforma Agraria en Chile, estas obras dan rostros al esfuerzo y la esperanza que pacientemente transitaron los trabajadores del campo y sus familias, para alcanzar colectivamente el leg\u00edtimo reconocimiento de la sociedad mayor \u2013como sujetos de derecho\u2013 y avanzar hacia nuevas conquistas pol\u00edticas, sociales, culturales y econ\u00f3micas.<\/p>\n<p>A trav\u00e9s de estos retratos, la exposici\u00f3n es un homenaje a todos aquellos paininos y paininas que cayeron presa de la barbarie represiva que azot\u00f3 a las localidades rurales de la comuna en los meses de instalaci\u00f3n de la Junta Militar, o sobrevivieron a ella. Es, por tanto, la representaci\u00f3n art\u00edstica de quienes fueron perseguidos por empujar la organizaci\u00f3n sindical campesina (piedra angular del proceso de lucha que demor\u00f3 d\u00e9cadas en germinar).<\/p>\n<p>Agradecemos a los primos artistas por su inter\u00e9s en colaborar con nosotros y unir fuerzas para copar todos los espacios con memoria hist\u00f3rica y enfrentar el negacionismo que nos acecha.<\/p>\n<p>Asimismo, le damos las gracias al Grupo Pid\u00e9n que nos acompa\u00f1\u00f3 con una emocionante interpretaci\u00f3n musical y cueca sola. Tambi\u00e9n agradecemos al cantautor de Paine, Claudio Rodriguez, por su compromiso y su canto por la resistencia.<\/p>\n<p>Est\u00e1n todas y todos cordialmente invitados a conocer la exposici\u00f3n de lunes a viernes, desde las 10 hrs hasta las 13 hr y desde las 15 hrs hasta las 17 hrs. Sin previa inscripci\u00f3n, solo debes llegar a la Sala de Exposiciones del Estadio Nacional.<\/p>\n<p>Las fotos de la inauguraci\u00f3n las encuentras en el siguiente link: <a title=\"Galer\u00eda\" href=\"https:\/\/www.memoriaestadionacional.cl\/en\/galeria\/\">Galer\u00eda<\/a><\/p>\n\n\t\t<\/div>\n\t<\/div>\n<\/div><\/div><\/div><\/div><\/div>\n<\/div>","protected":false},"excerpt":{"rendered":"El pasado 7 de noviembre, inauguramos una nueva exposici\u00f3n llamada \u201cPanamericana al sur. Km 45\u201d de los artistas Oscar Gonz\u00e1lez Galaz y Juan Jos\u00e9 Sepulveda&hellip;","protected":false},"author":1,"featured_media":14903,"comment_status":"open","ping_status":"open","sticky":false,"template":"","format":"standard","meta":{"_acf_changed":false,"footnotes":""},"categories":[1],"tags":[],"class_list":["post-14964","post","type-post","status-publish","format-standard","has-post-thumbnail","hentry","category-uncategorized"],"acf":[],"aioseo_notices":[],"_links":{"self":[{"href":"https:\/\/www.memoriaestadionacional.cl\/en\/wp-json\/wp\/v2\/posts\/14964","targetHints":{"allow":["GET"]}}],"collection":[{"href":"https:\/\/www.memoriaestadionacional.cl\/en\/wp-json\/wp\/v2\/posts"}],"about":[{"href":"https:\/\/www.memoriaestadionacional.cl\/en\/wp-json\/wp\/v2\/types\/post"}],"author":[{"embeddable":true,"href":"https:\/\/www.memoriaestadionacional.cl\/en\/wp-json\/wp\/v2\/users\/1"}],"replies":[{"embeddable":true,"href":"https:\/\/www.memoriaestadionacional.cl\/en\/wp-json\/wp\/v2\/comments?post=14964"}],"version-history":[{"count":0,"href":"https:\/\/www.memoriaestadionacional.cl\/en\/wp-json\/wp\/v2\/posts\/14964\/revisions"}],"wp:featuredmedia":[{"embeddable":true,"href":"https:\/\/www.memoriaestadionacional.cl\/en\/wp-json\/wp\/v2\/media\/14903"}],"wp:attachment":[{"href":"https:\/\/www.memoriaestadionacional.cl\/en\/wp-json\/wp\/v2\/media?parent=14964"}],"wp:term":[{"taxonomy":"category","embeddable":true,"href":"https:\/\/www.memoriaestadionacional.cl\/en\/wp-json\/wp\/v2\/categories?post=14964"},{"taxonomy":"post_tag","embeddable":true,"href":"https:\/\/www.memoriaestadionacional.cl\/en\/wp-json\/wp\/v2\/tags?post=14964"}],"curies":[{"name":"wp","href":"https:\/\/api.w.org\/{rel}","templated":true}]}}