{"id":14082,"date":"2024-03-08T14:12:59","date_gmt":"2024-03-08T14:12:59","guid":{"rendered":"https:\/\/www.memoriaestadionacional.cl\/?p=14082"},"modified":"2024-04-29T14:16:44","modified_gmt":"2024-04-29T14:16:44","slug":"conmemoracion-8m-en-sitio-de-memoria-camarin-de-mujeres-del-estadio-nacional-se-dio-el-vamos-a-la-campana-no-al-negacionismo","status":"publish","type":"post","link":"https:\/\/www.memoriaestadionacional.cl\/en\/conmemoracion-8m-en-sitio-de-memoria-camarin-de-mujeres-del-estadio-nacional-se-dio-el-vamos-a-la-campana-no-al-negacionismo\/","title":{"rendered":"Conmemoraci\u00f3n 8M: En sitio de memoria Camar\u00edn de Mujeres del Estadio Nacional se dio el vamos a la campa\u00f1a \u201cNo al Negacionismo\u201d"},"content":{"rendered":"<div class=\"wpb-content-wrapper\"><div class=\"vc-row-container container\"><div class=\"vc_row wpb_row vc_row-fluid\"><div class=\"wpb_column vc_column_container vc_col-sm-12\"><div class=\"vc_column-inner\"><div class=\"wpb_wrapper\">\n\t<div class=\"wpb_text_column wpb_content_element\" >\n\t\t<div class=\"wpb_wrapper\">\n\t\t\t<p>El 7 de marzo, los Sitios de Memoria del Estadio Nacional conmemoraron el D\u00eda Internacional de la Mujer con el lanzamiento de su campa\u00f1a \u201cLas mujeres decimos: \u00a1No al Negacionismo!\u201d, en la cual participaron diversas mujeres comprometidas con la memoria hist\u00f3rica y la defensa de los derechos humanos de nuestro pa\u00eds.<\/p>\n<p>La conmemoraci\u00f3n se llev\u00f3 a cabo en el Sitio de Memoria Camar\u00edn de Mujeres del estadio y cont\u00f3 con la participaci\u00f3n de compa\u00f1eras y compa\u00f1eros ex prisioneros pol\u00edticas, trabajadoras y trabajadores de los sitios de memoria del Estadio Nacional, compa\u00f1eras de organizaciones de la sociedad civil, como la Coordinadora 8M, Carolina Rubilar. Tambi\u00e9n participaron diferentes autoridades, tales como: la Seremi del Ministerio de la Mujer y la Equidad de G\u00e9nero, Ana Mart\u00ednez; la subsecretaria del Ministerio del Deporte; Antonia Illanes; la alcaldesa de \u00d1u\u00f1oa, Emilia R\u00edos; la diputada de la Rep\u00fablica, Alejandra Placencia; y el subsecretario del Ministerio de Justicia y Derechos Humanos, Xavier Altamirano.<\/p>\n<p>En esta oportunidad, la conmemoraci\u00f3n del 8M tuvo como consigna \u201cMujeres contra el negacionismo\u201d, como una forma de generar conciencia en la sociedad respecto de las graves vulneraciones de derechos humanos ocurridas durante la dictadura civil y militar, no s\u00f3lo en Chile, sino que en toda Latinoam\u00e9rica. El objetivo de la campa\u00f1a de redes sociales era concientizar a la poblaci\u00f3n sobre la ola negacionista del atropello a los derechos fundamentales y la memoria de quienes fueron v\u00edctimas de estos atropellos, no s\u00f3lo en el pasado sino que lamentablemente tambi\u00e9n en el presente. <\/p>\n<p>Los sitios de memoria del Estadio Nacional decidieron unir voces de mujeres en un v\u00eddeo conmemorativo del 8M, pieza audiovisual que adem\u00e1s hace un homenaje a la lucha y la resistencia de mujeres de distintas generaciones, especialmente de las ex prisioneras de la dictadura en el Estadio Nacional y en todo el pa\u00eds.<\/p>\n<p>El v\u00eddeo fue exhibido hacia el final de la conmemoraci\u00f3n como cierre de un momento emotivo y de reflexi\u00f3n.<\/p>\n<p>Para volver a revisar la campa\u00f1a, visita nuestro sitio web, en el siguiente link: https:\/\/www.memoriaestadionacional.cl\/videos\/<\/p>\n\n\t\t<\/div>\n\t<\/div>\n<\/div><\/div><\/div><\/div><\/div><div class=\"vc-row-container container\"><div class=\"vc_row wpb_row vc_row-fluid\"><div class=\"wpb_column vc_column_container vc_col-sm-12\"><div class=\"vc_column-inner\"><div class=\"wpb_wrapper\">\n\t\t\t<!-- START Conmemoraci\u00f3n 8M en sitio de memoria Camar\u00edn de Mujeres REVOLUTION SLIDER 6.7.41 --><p class=\"rs-p-wp-fix\"><\/p>\n\t\t\t<rs-module-wrap id=\"rev_slider_37_1_wrapper\" data-source=\"gallery\" style=\"visibility:hidden;background:transparent;padding:0;margin:0px auto;margin-top:0;margin-bottom:0;\">\n\t\t\t\t<rs-module id=\"rev_slider_37_1\" style=\"\" data-version=\"6.7.41\">\n\t\t\t\t\t<rs-slides style=\"overflow: hidden; position: absolute;\">\n\t\t\t\t\t\t<rs-slide style=\"position: absolute;\" data-key=\"rs-286\" data-title=\"Slide\" data-thumb=\"\/\/www.memoriaestadionacional.cl\/wp-content\/uploads\/2024\/04\/Copia-de-DSC_0344-50x100.jpg\" data-in=\"o:0;\" data-out=\"a:false;\">\n\t\t\t\t\t\t\t<img decoding=\"async\" src=\"\/\/www.memoriaestadionacional.cl\/wp-content\/plugins\/revslider\/sr6\/assets\/assets\/dummy.png\" alt=\"\" title=\"Conmemoraci\u00f3n 8M: En sitio de memoria Camar\u00edn de Mujeres del Estadio Nacional se dio el vamos a la campa\u00f1a \u201cNo al Negacionismo\u201d\" class=\"rev-slidebg tp-rs-img rs-lazyload\" data-lazyload=\"\/\/www.memoriaestadionacional.cl\/wp-content\/uploads\/2024\/04\/Copia-de-DSC_0344.jpg\" data-no-retina>\n<!---->\t\t\t\t\t<\/rs-slide>\n\t\t\t\t\t\t<rs-slide style=\"position: absolute;\" data-key=\"rs-287\" data-title=\"Slide\" data-thumb=\"\/\/www.memoriaestadionacional.cl\/wp-content\/uploads\/2024\/04\/Copia-de-DSC_0349-50x100.jpg\" data-in=\"o:0;\" data-out=\"a:false;\">\n\t\t\t\t\t\t\t<img decoding=\"async\" src=\"\/\/www.memoriaestadionacional.cl\/wp-content\/plugins\/revslider\/sr6\/assets\/assets\/dummy.png\" alt=\"\" title=\"Conmemoraci\u00f3n 8M: En sitio de memoria Camar\u00edn de Mujeres del Estadio Nacional se dio el vamos a la campa\u00f1a \u201cNo al Negacionismo\u201d\" class=\"rev-slidebg tp-rs-img rs-lazyload\" data-lazyload=\"\/\/www.memoriaestadionacional.cl\/wp-content\/uploads\/2024\/04\/Copia-de-DSC_0349.jpg\" data-no-retina>\n<!---->\t\t\t\t\t<\/rs-slide>\n\t\t\t\t\t\t<rs-slide style=\"position: absolute;\" data-key=\"rs-288\" data-title=\"Slide\" data-thumb=\"\/\/www.memoriaestadionacional.cl\/wp-content\/uploads\/2024\/04\/Copia-de-DSC_0354-50x100.jpg\" data-in=\"o:0;\" data-out=\"a:false;\">\n\t\t\t\t\t\t\t<img decoding=\"async\" src=\"\/\/www.memoriaestadionacional.cl\/wp-content\/plugins\/revslider\/sr6\/assets\/assets\/dummy.png\" alt=\"\" title=\"Conmemoraci\u00f3n 8M: En sitio de memoria Camar\u00edn de Mujeres del Estadio Nacional se dio el vamos a la campa\u00f1a \u201cNo al Negacionismo\u201d\" class=\"rev-slidebg tp-rs-img rs-lazyload\" data-lazyload=\"\/\/www.memoriaestadionacional.cl\/wp-content\/uploads\/2024\/04\/Copia-de-DSC_0354.jpg\" data-no-retina>\n<!---->\t\t\t\t\t<\/rs-slide>\n\t\t\t\t\t\t<rs-slide style=\"position: absolute;\" data-key=\"rs-289\" data-title=\"Slide\" data-thumb=\"\/\/www.memoriaestadionacional.cl\/wp-content\/uploads\/2024\/04\/Copia-de-DSC_0356-50x100.jpg\" data-in=\"o:0;\" data-out=\"a:false;\">\n\t\t\t\t\t\t\t<img decoding=\"async\" src=\"\/\/www.memoriaestadionacional.cl\/wp-content\/plugins\/revslider\/sr6\/assets\/assets\/dummy.png\" alt=\"\" title=\"Conmemoraci\u00f3n 8M: En sitio de memoria Camar\u00edn de Mujeres del Estadio Nacional se dio el vamos a la campa\u00f1a \u201cNo al Negacionismo\u201d\" class=\"rev-slidebg tp-rs-img rs-lazyload\" data-lazyload=\"\/\/www.memoriaestadionacional.cl\/wp-content\/uploads\/2024\/04\/Copia-de-DSC_0356.jpg\" data-no-retina>\n<!---->\t\t\t\t\t<\/rs-slide>\n\t\t\t\t\t\t<rs-slide style=\"position: absolute;\" data-key=\"rs-290\" data-title=\"Slide\" data-thumb=\"\/\/www.memoriaestadionacional.cl\/wp-content\/uploads\/2024\/04\/Copia-de-DSC_0365-50x100.jpg\" data-in=\"o:0;\" data-out=\"a:false;\">\n\t\t\t\t\t\t\t<img decoding=\"async\" src=\"\/\/www.memoriaestadionacional.cl\/wp-content\/plugins\/revslider\/sr6\/assets\/assets\/dummy.png\" alt=\"\" title=\"Conmemoraci\u00f3n 8M: En sitio de memoria Camar\u00edn de Mujeres del Estadio Nacional se dio el vamos a la campa\u00f1a \u201cNo al Negacionismo\u201d\" class=\"rev-slidebg tp-rs-img rs-lazyload\" data-lazyload=\"\/\/www.memoriaestadionacional.cl\/wp-content\/uploads\/2024\/04\/Copia-de-DSC_0365.jpg\" data-no-retina>\n<!---->\t\t\t\t\t<\/rs-slide>\n\t\t\t\t\t\t<rs-slide style=\"position: absolute;\" data-key=\"rs-291\" data-title=\"Slide\" data-thumb=\"\/\/www.memoriaestadionacional.cl\/wp-content\/uploads\/2024\/04\/Copia-de-DSC_0370-50x100.jpg\" data-in=\"o:0;\" data-out=\"a:false;\">\n\t\t\t\t\t\t\t<img decoding=\"async\" src=\"\/\/www.memoriaestadionacional.cl\/wp-content\/plugins\/revslider\/sr6\/assets\/assets\/dummy.png\" alt=\"\" title=\"Conmemoraci\u00f3n 8M: En sitio de memoria Camar\u00edn de Mujeres del Estadio Nacional se dio el vamos a la campa\u00f1a \u201cNo al Negacionismo\u201d\" class=\"rev-slidebg tp-rs-img rs-lazyload\" data-lazyload=\"\/\/www.memoriaestadionacional.cl\/wp-content\/uploads\/2024\/04\/Copia-de-DSC_0370.jpg\" data-no-retina>\n<!---->\t\t\t\t\t<\/rs-slide>\n\t\t\t\t\t\t<rs-slide style=\"position: absolute;\" data-key=\"rs-292\" data-title=\"Slide\" data-thumb=\"\/\/www.memoriaestadionacional.cl\/wp-content\/uploads\/2024\/04\/Copia-de-DSC_0377-50x100.jpg\" data-in=\"o:0;\" data-out=\"a:false;\">\n\t\t\t\t\t\t\t<img decoding=\"async\" src=\"\/\/www.memoriaestadionacional.cl\/wp-content\/plugins\/revslider\/sr6\/assets\/assets\/dummy.png\" alt=\"\" title=\"Conmemoraci\u00f3n 8M: En sitio de memoria Camar\u00edn de Mujeres del Estadio Nacional se dio el vamos a la campa\u00f1a \u201cNo al Negacionismo\u201d\" class=\"rev-slidebg tp-rs-img rs-lazyload\" data-lazyload=\"\/\/www.memoriaestadionacional.cl\/wp-content\/uploads\/2024\/04\/Copia-de-DSC_0377.jpg\" data-no-retina>\n<!---->\t\t\t\t\t<\/rs-slide>\n\t\t\t\t\t\t<rs-slide style=\"position: absolute;\" data-key=\"rs-293\" data-title=\"Slide\" data-thumb=\"\/\/www.memoriaestadionacional.cl\/wp-content\/uploads\/2024\/04\/Copia-de-DSC_0380-50x100.jpg\" data-in=\"o:0;\" data-out=\"a:false;\">\n\t\t\t\t\t\t\t<img decoding=\"async\" src=\"\/\/www.memoriaestadionacional.cl\/wp-content\/plugins\/revslider\/sr6\/assets\/assets\/dummy.png\" alt=\"\" title=\"Conmemoraci\u00f3n 8M: En sitio de memoria Camar\u00edn de Mujeres del Estadio Nacional se dio el vamos a la campa\u00f1a \u201cNo al Negacionismo\u201d\" class=\"rev-slidebg tp-rs-img rs-lazyload\" data-lazyload=\"\/\/www.memoriaestadionacional.cl\/wp-content\/uploads\/2024\/04\/Copia-de-DSC_0380.jpg\" data-no-retina>\n<!---->\t\t\t\t\t<\/rs-slide>\n\t\t\t\t\t\t<rs-slide style=\"position: absolute;\" data-key=\"rs-294\" data-title=\"Slide\" data-thumb=\"\/\/www.memoriaestadionacional.cl\/wp-content\/uploads\/2024\/04\/Copia-de-DSC_0382-50x100.jpg\" data-in=\"o:0;\" data-out=\"a:false;\">\n\t\t\t\t\t\t\t<img decoding=\"async\" src=\"\/\/www.memoriaestadionacional.cl\/wp-content\/plugins\/revslider\/sr6\/assets\/assets\/dummy.png\" alt=\"\" title=\"Conmemoraci\u00f3n 8M: En sitio de memoria Camar\u00edn de Mujeres del Estadio Nacional se dio el vamos a la campa\u00f1a \u201cNo al Negacionismo\u201d\" class=\"rev-slidebg tp-rs-img rs-lazyload\" data-lazyload=\"\/\/www.memoriaestadionacional.cl\/wp-content\/uploads\/2024\/04\/Copia-de-DSC_0382.jpg\" data-no-retina>\n<!---->\t\t\t\t\t<\/rs-slide>\n\t\t\t\t\t\t<rs-slide style=\"position: absolute;\" data-key=\"rs-295\" data-title=\"Slide\" data-thumb=\"\/\/www.memoriaestadionacional.cl\/wp-content\/uploads\/2024\/04\/Copia-de-DSC_0392-50x100.jpg\" data-in=\"o:0;\" data-out=\"a:false;\">\n\t\t\t\t\t\t\t<img decoding=\"async\" src=\"\/\/www.memoriaestadionacional.cl\/wp-content\/plugins\/revslider\/sr6\/assets\/assets\/dummy.png\" alt=\"\" title=\"Conmemoraci\u00f3n 8M: En sitio de memoria Camar\u00edn de Mujeres del Estadio Nacional se dio el vamos a la campa\u00f1a \u201cNo al Negacionismo\u201d\" class=\"rev-slidebg tp-rs-img rs-lazyload\" data-lazyload=\"\/\/www.memoriaestadionacional.cl\/wp-content\/uploads\/2024\/04\/Copia-de-DSC_0392.jpg\" data-no-retina>\n<!---->\t\t\t\t\t<\/rs-slide>\n\t\t\t\t\t\t<rs-slide style=\"position: absolute;\" data-key=\"rs-296\" data-title=\"Slide\" data-thumb=\"\/\/www.memoriaestadionacional.cl\/wp-content\/uploads\/2024\/04\/Copia-de-DSC_0396-50x100.jpg\" data-in=\"o:0;\" data-out=\"a:false;\">\n\t\t\t\t\t\t\t<img decoding=\"async\" src=\"\/\/www.memoriaestadionacional.cl\/wp-content\/plugins\/revslider\/sr6\/assets\/assets\/dummy.png\" alt=\"\" title=\"Conmemoraci\u00f3n 8M: En sitio de memoria Camar\u00edn de Mujeres del Estadio Nacional se dio el vamos a la campa\u00f1a \u201cNo al Negacionismo\u201d\" class=\"rev-slidebg tp-rs-img rs-lazyload\" data-lazyload=\"\/\/www.memoriaestadionacional.cl\/wp-content\/uploads\/2024\/04\/Copia-de-DSC_0396.jpg\" data-no-retina>\n<!---->\t\t\t\t\t<\/rs-slide>\n\t\t\t\t\t\t<rs-slide style=\"position: absolute;\" data-key=\"rs-297\" data-title=\"Slide\" data-thumb=\"\/\/www.memoriaestadionacional.cl\/wp-content\/uploads\/2024\/04\/Copia-de-DSC_0408-50x100.jpg\" data-in=\"o:0;\" data-out=\"a:false;\">\n\t\t\t\t\t\t\t<img decoding=\"async\" src=\"\/\/www.memoriaestadionacional.cl\/wp-content\/plugins\/revslider\/sr6\/assets\/assets\/dummy.png\" alt=\"\" title=\"Conmemoraci\u00f3n 8M: En sitio de memoria Camar\u00edn de Mujeres del Estadio Nacional se dio el vamos a la campa\u00f1a \u201cNo al Negacionismo\u201d\" class=\"rev-slidebg tp-rs-img rs-lazyload\" data-lazyload=\"\/\/www.memoriaestadionacional.cl\/wp-content\/uploads\/2024\/04\/Copia-de-DSC_0408.jpg\" data-no-retina>\n<!---->\t\t\t\t\t<\/rs-slide>\n\t\t\t\t\t\t<rs-slide style=\"position: absolute;\" data-key=\"rs-298\" data-title=\"Slide\" data-thumb=\"\/\/www.memoriaestadionacional.cl\/wp-content\/uploads\/2024\/04\/Copia-de-DSC_0411-50x100.jpg\" data-in=\"o:0;\" data-out=\"a:false;\">\n\t\t\t\t\t\t\t<img decoding=\"async\" src=\"\/\/www.memoriaestadionacional.cl\/wp-content\/plugins\/revslider\/sr6\/assets\/assets\/dummy.png\" alt=\"\" title=\"Conmemoraci\u00f3n 8M: En sitio de memoria Camar\u00edn de Mujeres del Estadio Nacional se dio el vamos a la campa\u00f1a \u201cNo al Negacionismo\u201d\" class=\"rev-slidebg tp-rs-img rs-lazyload\" data-lazyload=\"\/\/www.memoriaestadionacional.cl\/wp-content\/uploads\/2024\/04\/Copia-de-DSC_0411.jpg\" data-no-retina>\n<!---->\t\t\t\t\t<\/rs-slide>\n\t\t\t\t\t\t<rs-slide style=\"position: absolute;\" data-key=\"rs-299\" data-title=\"Slide\" data-thumb=\"\/\/www.memoriaestadionacional.cl\/wp-content\/uploads\/2024\/04\/Copia-de-DSC_0422-50x100.jpg\" data-in=\"o:0;\" data-out=\"a:false;\">\n\t\t\t\t\t\t\t<img decoding=\"async\" src=\"\/\/www.memoriaestadionacional.cl\/wp-content\/plugins\/revslider\/sr6\/assets\/assets\/dummy.png\" alt=\"\" title=\"Conmemoraci\u00f3n 8M: En sitio de memoria Camar\u00edn de Mujeres del Estadio Nacional se dio el vamos a la campa\u00f1a \u201cNo al Negacionismo\u201d\" class=\"rev-slidebg tp-rs-img rs-lazyload\" data-lazyload=\"\/\/www.memoriaestadionacional.cl\/wp-content\/uploads\/2024\/04\/Copia-de-DSC_0422.jpg\" data-no-retina>\n<!---->\t\t\t\t\t<\/rs-slide>\n\t\t\t\t\t\t<rs-slide style=\"position: absolute;\" data-key=\"rs-300\" data-title=\"Slide\" data-thumb=\"\/\/www.memoriaestadionacional.cl\/wp-content\/uploads\/2024\/04\/Copia-de-DSC_0457-50x100.jpg\" data-in=\"o:0;\" data-out=\"a:false;\">\n\t\t\t\t\t\t\t<img decoding=\"async\" src=\"\/\/www.memoriaestadionacional.cl\/wp-content\/plugins\/revslider\/sr6\/assets\/assets\/dummy.png\" alt=\"\" title=\"Conmemoraci\u00f3n 8M: En sitio de memoria Camar\u00edn de Mujeres del Estadio Nacional se dio el vamos a la campa\u00f1a \u201cNo al Negacionismo\u201d\" class=\"rev-slidebg tp-rs-img rs-lazyload\" data-lazyload=\"\/\/www.memoriaestadionacional.cl\/wp-content\/uploads\/2024\/04\/Copia-de-DSC_0457.jpg\" data-no-retina>\n<!---->\t\t\t\t\t<\/rs-slide>\n\t\t\t\t\t\t<rs-slide style=\"position: absolute;\" data-key=\"rs-301\" data-title=\"Slide\" data-thumb=\"\/\/www.memoriaestadionacional.cl\/wp-content\/uploads\/2024\/04\/Copia-de-DSC_0462-50x100.jpg\" data-in=\"o:0;\" data-out=\"a:false;\">\n\t\t\t\t\t\t\t<img decoding=\"async\" src=\"\/\/www.memoriaestadionacional.cl\/wp-content\/plugins\/revslider\/sr6\/assets\/assets\/dummy.png\" alt=\"\" title=\"Conmemoraci\u00f3n 8M: En sitio de memoria Camar\u00edn de Mujeres del Estadio Nacional se dio el vamos a la campa\u00f1a \u201cNo al Negacionismo\u201d\" class=\"rev-slidebg tp-rs-img rs-lazyload\" data-lazyload=\"\/\/www.memoriaestadionacional.cl\/wp-content\/uploads\/2024\/04\/Copia-de-DSC_0462.jpg\" data-no-retina>\n<!---->\t\t\t\t\t<\/rs-slide>\n\t\t\t\t\t\t<rs-slide style=\"position: absolute;\" data-key=\"rs-302\" data-title=\"Slide\" data-thumb=\"\/\/www.memoriaestadionacional.cl\/wp-content\/uploads\/2024\/04\/Copia-de-DSC_0469-50x100.jpg\" data-in=\"o:0;\" data-out=\"a:false;\">\n\t\t\t\t\t\t\t<img decoding=\"async\" src=\"\/\/www.memoriaestadionacional.cl\/wp-content\/plugins\/revslider\/sr6\/assets\/assets\/dummy.png\" alt=\"\" title=\"Conmemoraci\u00f3n 8M: En sitio de memoria Camar\u00edn de Mujeres del Estadio Nacional se dio el vamos a la campa\u00f1a \u201cNo al Negacionismo\u201d\" class=\"rev-slidebg tp-rs-img rs-lazyload\" data-lazyload=\"\/\/www.memoriaestadionacional.cl\/wp-content\/uploads\/2024\/04\/Copia-de-DSC_0469.jpg\" data-no-retina>\n<!---->\t\t\t\t\t<\/rs-slide>\n\t\t\t\t\t<\/rs-slides>\n\t\t\t\t<\/rs-module>\n\t\t\t\t<script>\n\t\t\t\t\tsetREVStartSize({c: 'rev_slider_37_1',rl:[1240,1024,778,480],el:[900],gw:[1240],gh:[900],type:'carousel',justify:'',layout:'fullwidth',mh:\"0\"});if (window.RS_MODULES!==undefined && window.RS_MODULES.modules!==undefined && window.RS_MODULES.modules[\"revslider371\"]!==undefined) {window.RS_MODULES.modules[\"revslider371\"].once = false;window.revapi37 = undefined;if (window.RS_MODULES.checkMinimal!==undefined) window.RS_MODULES.checkMinimal()}\n\t\t\t\t<\/script>\n\t\t\t<\/rs-module-wrap>\n\t\t\t<!-- END REVOLUTION SLIDER -->\n<\/div><\/div><\/div><\/div><\/div>\n<\/div>","protected":false},"excerpt":{"rendered":"El 7 de marzo, los Sitios de Memoria del Estadio Nacional conmemoraron el D\u00eda Internacional de la Mujer con el lanzamiento de su campa\u00f1a \u201cLas&hellip;","protected":false},"author":1,"featured_media":13998,"comment_status":"open","ping_status":"open","sticky":false,"template":"","format":"standard","meta":{"_acf_changed":false,"footnotes":""},"categories":[1],"tags":[],"class_list":["post-14082","post","type-post","status-publish","format-standard","has-post-thumbnail","hentry","category-uncategorized"],"acf":[],"aioseo_notices":[],"_links":{"self":[{"href":"https:\/\/www.memoriaestadionacional.cl\/en\/wp-json\/wp\/v2\/posts\/14082","targetHints":{"allow":["GET"]}}],"collection":[{"href":"https:\/\/www.memoriaestadionacional.cl\/en\/wp-json\/wp\/v2\/posts"}],"about":[{"href":"https:\/\/www.memoriaestadionacional.cl\/en\/wp-json\/wp\/v2\/types\/post"}],"author":[{"embeddable":true,"href":"https:\/\/www.memoriaestadionacional.cl\/en\/wp-json\/wp\/v2\/users\/1"}],"replies":[{"embeddable":true,"href":"https:\/\/www.memoriaestadionacional.cl\/en\/wp-json\/wp\/v2\/comments?post=14082"}],"version-history":[{"count":0,"href":"https:\/\/www.memoriaestadionacional.cl\/en\/wp-json\/wp\/v2\/posts\/14082\/revisions"}],"wp:featuredmedia":[{"embeddable":true,"href":"https:\/\/www.memoriaestadionacional.cl\/en\/wp-json\/wp\/v2\/media\/13998"}],"wp:attachment":[{"href":"https:\/\/www.memoriaestadionacional.cl\/en\/wp-json\/wp\/v2\/media?parent=14082"}],"wp:term":[{"taxonomy":"category","embeddable":true,"href":"https:\/\/www.memoriaestadionacional.cl\/en\/wp-json\/wp\/v2\/categories?post=14082"},{"taxonomy":"post_tag","embeddable":true,"href":"https:\/\/www.memoriaestadionacional.cl\/en\/wp-json\/wp\/v2\/tags?post=14082"}],"curies":[{"name":"wp","href":"https:\/\/api.w.org\/{rel}","templated":true}]}}