{"id":13646,"date":"2023-03-06T18:12:16","date_gmt":"2023-03-06T18:12:16","guid":{"rendered":"https:\/\/www.memoriaestadionacional.cl\/?p=13646"},"modified":"2023-12-14T18:14:52","modified_gmt":"2023-12-14T18:14:52","slug":"conmemoracion-dia-internacional-de-la-mujer-en-el-estadio-nacional","status":"publish","type":"post","link":"https:\/\/www.memoriaestadionacional.cl\/en\/conmemoracion-dia-internacional-de-la-mujer-en-el-estadio-nacional\/","title":{"rendered":"Conmemoraci\u00f3n D\u00eda Internacional de la mujer en el Estadio Nacional"},"content":{"rendered":"<div class=\"wpb-content-wrapper\"><div class=\"vc-row-container container\"><div class=\"vc_row wpb_row vc_row-fluid\"><div class=\"wpb_column vc_column_container vc_col-sm-12\"><div class=\"vc_column-inner\"><div class=\"wpb_wrapper\">\n\t<div class=\"wpb_text_column wpb_content_element\" >\n\t\t<div class=\"wpb_wrapper\">\n\t\t\t<blockquote><p>\nLa actividad, organizada por las mujeres ligadas a la Corporaci\u00f3n Estadio Nacional Memoria Nacional, contar\u00e1 con el relanzamiento de un libro y la inauguraci\u00f3n de una muestra visual de exprisioneras del Estadio Nacional, adem\u00e1s de presentaciones en vivo de cantautoras nacionales.\n<\/p><\/blockquote>\n\n\t\t<\/div>\n\t<\/div>\n<\/div><\/div><\/div><\/div><\/div><div class=\"vc-row-container container\"><div class=\"vc_row wpb_row vc_row-fluid\"><div class=\"wpb_column vc_column_container vc_col-sm-12\"><div class=\"vc_column-inner\"><div class=\"wpb_wrapper\">\n\t<div class=\"wpb_text_column wpb_content_element\" >\n\t\t<div class=\"wpb_wrapper\">\n\t\t\t<p>En el marco de la conmemoraci\u00f3n del D\u00eda Internacional de la mujer, a\u00f1o en que se cumplen cinco d\u00e9cadas del golpe civil y militar que dio inicio a la dictadura, este s\u00e1bado 11 de marzo, a las 11:00 h, se realizar\u00e1 un acto de homenaje a las mujeres en el sitio de memoria \u201cCamar\u00edn de mujeres\u201d del Estadio Nacional.<\/p>\n<p>Adem\u00e1s, se llevar\u00e1 a cabo el relanzamiento del libro \u201cCamarines de mujeres. Memorias de prisioneras pol\u00edticas del Estadio Nacional\u201d de la Fundaci\u00f3n Instituto de la Mujer y la inauguraci\u00f3n de la muestra visual \u201cDelantales de la Dignidad\u201d de Ruth Vuskovic C\u00e9spedes, contando tambi\u00e9n con presentaciones de m\u00fasica en vivo de cantautoras nacionales.<\/p>\n<p>El ingreso al lugar es por Avenida Grecia 2001, sector piscina.<\/p>\n<p>La actividad es gratuita y para asistir se debe confirmar asistencia al correo administracion@enmn.cl<\/p>\n\n\t\t<\/div>\n\t<\/div>\n<\/div><\/div><\/div><\/div><\/div>\n<\/div>","protected":false},"excerpt":{"rendered":"La actividad, organizada por las mujeres ligadas a la Corporaci\u00f3n Estadio Nacional Memoria Nacional, contar\u00e1 con el relanzamiento de un libro y la inauguraci\u00f3n de&hellip;","protected":false},"author":1,"featured_media":13647,"comment_status":"open","ping_status":"open","sticky":false,"template":"","format":"standard","meta":{"_acf_changed":false,"footnotes":""},"categories":[1],"tags":[],"class_list":["post-13646","post","type-post","status-publish","format-standard","has-post-thumbnail","hentry","category-uncategorized"],"acf":[],"aioseo_notices":[],"_links":{"self":[{"href":"https:\/\/www.memoriaestadionacional.cl\/en\/wp-json\/wp\/v2\/posts\/13646","targetHints":{"allow":["GET"]}}],"collection":[{"href":"https:\/\/www.memoriaestadionacional.cl\/en\/wp-json\/wp\/v2\/posts"}],"about":[{"href":"https:\/\/www.memoriaestadionacional.cl\/en\/wp-json\/wp\/v2\/types\/post"}],"author":[{"embeddable":true,"href":"https:\/\/www.memoriaestadionacional.cl\/en\/wp-json\/wp\/v2\/users\/1"}],"replies":[{"embeddable":true,"href":"https:\/\/www.memoriaestadionacional.cl\/en\/wp-json\/wp\/v2\/comments?post=13646"}],"version-history":[{"count":0,"href":"https:\/\/www.memoriaestadionacional.cl\/en\/wp-json\/wp\/v2\/posts\/13646\/revisions"}],"wp:featuredmedia":[{"embeddable":true,"href":"https:\/\/www.memoriaestadionacional.cl\/en\/wp-json\/wp\/v2\/media\/13647"}],"wp:attachment":[{"href":"https:\/\/www.memoriaestadionacional.cl\/en\/wp-json\/wp\/v2\/media?parent=13646"}],"wp:term":[{"taxonomy":"category","embeddable":true,"href":"https:\/\/www.memoriaestadionacional.cl\/en\/wp-json\/wp\/v2\/categories?post=13646"},{"taxonomy":"post_tag","embeddable":true,"href":"https:\/\/www.memoriaestadionacional.cl\/en\/wp-json\/wp\/v2\/tags?post=13646"}],"curies":[{"name":"wp","href":"https:\/\/api.w.org\/{rel}","templated":true}]}}