{"id":13566,"date":"2023-10-24T18:16:21","date_gmt":"2023-10-24T18:16:21","guid":{"rendered":"https:\/\/www.memoriaestadionacional.cl\/?p=13566"},"modified":"2023-12-14T18:07:06","modified_gmt":"2023-12-14T18:07:06","slug":"alejandro-mono-gonzalez-inaugura-mural-torre-de-la-memoria-en-la-copa-de-agua-del-parque-estadio-nacional","status":"publish","type":"post","link":"https:\/\/www.memoriaestadionacional.cl\/en\/alejandro-mono-gonzalez-inaugura-mural-torre-de-la-memoria-en-la-copa-de-agua-del-parque-estadio-nacional\/","title":{"rendered":"Alejandro \u201cMono\u201d Gonz\u00e1lez inaugura mural \u201cTorre de la Memoria\u201d en la copa de agua del Parque Estadio Nacional"},"content":{"rendered":"<div class=\"wpb-content-wrapper\"><div class=\"vc-row-container container\"><div class=\"vc_row wpb_row vc_row-fluid\"><div class=\"wpb_column vc_column_container vc_col-sm-12\"><div class=\"vc_column-inner\"><div class=\"wpb_wrapper\">\n\t<div class=\"wpb_text_column wpb_content_element\" >\n\t\t<div class=\"wpb_wrapper\">\n\t\t\t<p>A cuatro d\u00edas de la ceremonia inaugural de los Juegos Panamericanos 2023, se present\u00f3 el mural en homenaje a las v\u00edctimas de la dictadura y que destaca por sus colores y figuras que reflejan el rol de las mujeres y a los que ya no est\u00e1n, emulando las situaciones y consecuencias que trajo el golpe de 1973, cuando el Coliseo fue utilizado como centro de detenci\u00f3n, tortura y exterminio durante la dictadura civil y militar.<\/p>\n<p>En compa\u00f1\u00eda de la ministra de las Culturas, las Artes y el Patrimonio, Carolina Arredondo; del presidente de la Corporaci\u00f3n Estadio Nacional Memoria Nacional, Marcelo Acevedo, y del director de Comunicaciones y Comunidades de Santiago 2023, Felipe Bianchi, el mural fue mostrado en sociedad.<\/p>\n<p>Este es el segundo mural de Alejandro \u201cMono\u201d Gonz\u00e1lez, que se suma a la primera obra que realiz\u00f3 junto con la artista Mon Laferte. Este nuevo memorial, ubicado en la copa de agua o \u201csilo\u201d del Estadio Nacional, fue desarrollado gracias a un proceso colectivo y participativo del artista, en conjunto con los familiares, ex presos, familiares y miembros de la Corporaci\u00f3n Estadio Nacional Memoria Nacional. La obra tambi\u00e9n simboliza la esperanza de un futuro donde nunca m\u00e1s ocurran hechos como un golpe de Estado, la dictadura y las violaciones a los derechos humanos.<\/p>\n<p>Adem\u00e1s, la ubicaci\u00f3n del silo tiene una importancia y es un referente geogr\u00e1fico para los ex prisioneros del Estadio Nacional, ya que era lo primero que ve\u00edan cuando los llevaban desde el coliseo al vel\u00f3dromo, donde eran torturados. Es decir, est\u00e1 ubicado en un lugar de tr\u00e1nsito hist\u00f3rico y que, gracias a sus 27 metros de altura, resalta entre medio de los recintos deportivos del Parque Estadio Nacional.<\/p>\n<p>En la presentaci\u00f3n del mural, \u201cMono\u201d Gonz\u00e1lez agradeci\u00f3 el apoyo de la Corporaci\u00f3n Estadio Nacional Memoria Nacional y agreg\u00f3: \u201c<em>La porf\u00eda puede, la motivaci\u00f3n y el est\u00edmulo, los dolores los transformamos en esperanza, y a trav\u00e9s de ello, los compa\u00f1eros que ya no est\u00e1n, en este mural s\u00ed est\u00e1n presentes<\/em>\u201d.<\/p>\n\n\t\t<\/div>\n\t<\/div>\n<\/div><\/div><\/div><\/div><\/div><div class=\"vc-row-container container\"><div class=\"vc_row wpb_row vc_row-fluid\"><div class=\"wpb_column vc_column_container vc_col-sm-12\"><div class=\"vc_column-inner\"><div class=\"wpb_wrapper\">\n\t<div  class=\"wpb_single_image wpb_content_element vc_align_left wpb_content_element\">\n\t\t\n\t\t<figure class=\"wpb_wrapper vc_figure\">\n\t\t\t<div class=\"vc_single_image-wrapper   vc_box_border_grey\"><img loading=\"lazy\" decoding=\"async\" width=\"2560\" height=\"1707\" src=\"https:\/\/www.memoriaestadionacional.cl\/wp-content\/uploads\/2023\/12\/IMG_8390-scaled.jpg\" class=\"vc_single_image-img attachment-full\" alt=\"\" title=\"IMG_8390\" srcset=\"https:\/\/www.memoriaestadionacional.cl\/wp-content\/uploads\/2023\/12\/IMG_8390-scaled.jpg 2560w, https:\/\/www.memoriaestadionacional.cl\/wp-content\/uploads\/2023\/12\/IMG_8390-300x200.jpg 300w, https:\/\/www.memoriaestadionacional.cl\/wp-content\/uploads\/2023\/12\/IMG_8390-1024x683.jpg 1024w, https:\/\/www.memoriaestadionacional.cl\/wp-content\/uploads\/2023\/12\/IMG_8390-768x512.jpg 768w, https:\/\/www.memoriaestadionacional.cl\/wp-content\/uploads\/2023\/12\/IMG_8390-1536x1024.jpg 1536w, https:\/\/www.memoriaestadionacional.cl\/wp-content\/uploads\/2023\/12\/IMG_8390-2048x1366.jpg 2048w, https:\/\/www.memoriaestadionacional.cl\/wp-content\/uploads\/2023\/12\/IMG_8390-1612x1075.jpg 1612w, https:\/\/www.memoriaestadionacional.cl\/wp-content\/uploads\/2023\/12\/IMG_8390-1116x744.jpg 1116w, https:\/\/www.memoriaestadionacional.cl\/wp-content\/uploads\/2023\/12\/IMG_8390-806x537.jpg 806w, https:\/\/www.memoriaestadionacional.cl\/wp-content\/uploads\/2023\/12\/IMG_8390-558x372.jpg 558w, https:\/\/www.memoriaestadionacional.cl\/wp-content\/uploads\/2023\/12\/IMG_8390-655x437.jpg 655w\" sizes=\"auto, (max-width: 2560px) 100vw, 2560px\" \/><\/div>\n\t\t<\/figure>\n\t<\/div>\n<\/div><\/div><\/div><\/div><\/div>\n<\/div>","protected":false},"excerpt":{"rendered":"A cuatro d\u00edas de la ceremonia inaugural de los Juegos Panamericanos 2023, se present\u00f3 el mural en homenaje a las v\u00edctimas de la dictadura y&hellip;","protected":false},"author":1,"featured_media":13567,"comment_status":"open","ping_status":"open","sticky":false,"template":"","format":"standard","meta":{"_acf_changed":false,"footnotes":""},"categories":[11],"tags":[],"class_list":["post-13566","post","type-post","status-publish","format-standard","has-post-thumbnail","hentry","category-noticias"],"acf":[],"aioseo_notices":[],"_links":{"self":[{"href":"https:\/\/www.memoriaestadionacional.cl\/en\/wp-json\/wp\/v2\/posts\/13566","targetHints":{"allow":["GET"]}}],"collection":[{"href":"https:\/\/www.memoriaestadionacional.cl\/en\/wp-json\/wp\/v2\/posts"}],"about":[{"href":"https:\/\/www.memoriaestadionacional.cl\/en\/wp-json\/wp\/v2\/types\/post"}],"author":[{"embeddable":true,"href":"https:\/\/www.memoriaestadionacional.cl\/en\/wp-json\/wp\/v2\/users\/1"}],"replies":[{"embeddable":true,"href":"https:\/\/www.memoriaestadionacional.cl\/en\/wp-json\/wp\/v2\/comments?post=13566"}],"version-history":[{"count":0,"href":"https:\/\/www.memoriaestadionacional.cl\/en\/wp-json\/wp\/v2\/posts\/13566\/revisions"}],"wp:featuredmedia":[{"embeddable":true,"href":"https:\/\/www.memoriaestadionacional.cl\/en\/wp-json\/wp\/v2\/media\/13567"}],"wp:attachment":[{"href":"https:\/\/www.memoriaestadionacional.cl\/en\/wp-json\/wp\/v2\/media?parent=13566"}],"wp:term":[{"taxonomy":"category","embeddable":true,"href":"https:\/\/www.memoriaestadionacional.cl\/en\/wp-json\/wp\/v2\/categories?post=13566"},{"taxonomy":"post_tag","embeddable":true,"href":"https:\/\/www.memoriaestadionacional.cl\/en\/wp-json\/wp\/v2\/tags?post=13566"}],"curies":[{"name":"wp","href":"https:\/\/api.w.org\/{rel}","templated":true}]}}